{"id":21345,"date":"2024-02-26T20:52:04","date_gmt":"2024-02-26T23:52:04","guid":{"rendered":"https:\/\/www.revistarescatados.com.ar\/web\/?p=21345"},"modified":"2024-02-26T20:52:04","modified_gmt":"2024-02-26T23:52:04","slug":"sosa-participo-del-acto-por-el-134-aniversario-de-la-fundacion-de-margarita","status":"publish","type":"post","link":"https:\/\/www.revistarescatados.com.ar\/web\/2024\/02\/26\/sosa-participo-del-acto-por-el-134-aniversario-de-la-fundacion-de-margarita\/","title":{"rendered":"Sosa particip\u00f3 del acto por el 134\u00b0 aniversario de la fundaci\u00f3n de Margarita"},"content":{"rendered":"<p><span style=\"color: #0000ff;\"><strong>El senador provincial Osvaldo Sosa destac\u00f3 el merecido reconocimiento otorgado por la C\u00e1mara de Senadores a Margarita, un pueblo que ha sabido forjar su identidad a trav\u00e9s del trabajo arduo y la solidaridad inquebrantable.<\/strong><\/span><\/p>\n<p><img loading=\"lazy\" class=\"aligncenter size-full wp-image-21344\" src=\"http:\/\/www.revistarescatados.com.ar\/web\/wp-content\/uploads\/2024\/02\/Sosa-en-Margarita.jpg\" alt=\"\" width=\"900\" height=\"900\" srcset=\"https:\/\/www.revistarescatados.com.ar\/web\/wp-content\/uploads\/2024\/02\/Sosa-en-Margarita.jpg 900w, https:\/\/www.revistarescatados.com.ar\/web\/wp-content\/uploads\/2024\/02\/Sosa-en-Margarita-300x300.jpg 300w, https:\/\/www.revistarescatados.com.ar\/web\/wp-content\/uploads\/2024\/02\/Sosa-en-Margarita-150x150.jpg 150w, https:\/\/www.revistarescatados.com.ar\/web\/wp-content\/uploads\/2024\/02\/Sosa-en-Margarita-768x768.jpg 768w, https:\/\/www.revistarescatados.com.ar\/web\/wp-content\/uploads\/2024\/02\/Sosa-en-Margarita-80x80.jpg 80w, https:\/\/www.revistarescatados.com.ar\/web\/wp-content\/uploads\/2024\/02\/Sosa-en-Margarita-320x320.jpg 320w\" sizes=\"(max-width: 900px) 100vw, 900px\" \/><br \/>\nEl senador rememor\u00f3 los inicios de Margarita, cuando en 1890 Luciano Leiva visualiz\u00f3 un futuro prometedor para esta tierra que apenas era una estaci\u00f3n ferroviaria. Leiva imagin\u00f3 un pueblo agrario, ganadero y laborioso, donde la solidaridad y el apoyo mutuo fueran los pilares fundamentales. Esta visi\u00f3n ha sido transmitida de generaci\u00f3n en generaci\u00f3n, consolidando un esp\u00edritu comunitario que perdura hasta nuestros d\u00edas.<\/p>\n<p>Sosa elogi\u00f3 el esp\u00edritu emprendedor de los habitantes de Margarita, quienes no esperan pasivamente a recibir ayuda, sino que son protagonistas activos de su propio progreso. Destac\u00f3 la pr\u00e1ctica del cooperativismo y la planificaci\u00f3n responsable de los gastos, lo que ha permitido al pueblo generar sus propias mejoras, desde pavimentaci\u00f3n hasta obras p\u00fablicas.<\/p>\n<p>En el d\u00eda del aniversario de Margarita, el senador reiter\u00f3 la importancia de hablar de trabajo y progreso. Celebr\u00f3 el compromiso y la dedicaci\u00f3n de los margarite\u00f1os, recordando con orgullo los distintos distritos y parajes que componen el departamento. Concluy\u00f3 su intervenci\u00f3n deseando un feliz cumplea\u00f1os y un pr\u00f3spero futuro para todo el departamento, con un especial \u00e9nfasis en la querida Margarita.<\/p>\n<p>El discurso del Dr. Osvaldo Sosa resalta la admirable historia y el presente vibrante de Margarita, un ejemplo de comunidad que inspira y motiva a seguir adelante con determinaci\u00f3n y solidaridad.<\/p>\n<p>&nbsp;<\/p>\n","protected":false},"excerpt":{"rendered":"<p>El senador provincial Osvaldo Sosa destac\u00f3 el merecido reconocimiento otorgado por la C\u00e1mara de Senadores a Margarita, un pueblo que ha sabido forjar su identidad a trav\u00e9s del trabajo arduo y la&#46;&#46;&#46;<\/p>\n","protected":false},"author":1,"featured_media":21344,"comment_status":"closed","ping_status":"closed","sticky":false,"template":"","format":"standard","meta":[],"categories":[7,3,16,10],"tags":[],"_links":{"self":[{"href":"https:\/\/www.revistarescatados.com.ar\/web\/wp-json\/wp\/v2\/posts\/21345"}],"collection":[{"href":"https:\/\/www.revistarescatados.com.ar\/web\/wp-json\/wp\/v2\/posts"}],"about":[{"href":"https:\/\/www.revistarescatados.com.ar\/web\/wp-json\/wp\/v2\/types\/post"}],"author":[{"embeddable":true,"href":"https:\/\/www.revistarescatados.com.ar\/web\/wp-json\/wp\/v2\/users\/1"}],"replies":[{"embeddable":true,"href":"https:\/\/www.revistarescatados.com.ar\/web\/wp-json\/wp\/v2\/comments?post=21345"}],"version-history":[{"count":1,"href":"https:\/\/www.revistarescatados.com.ar\/web\/wp-json\/wp\/v2\/posts\/21345\/revisions"}],"predecessor-version":[{"id":21346,"href":"https:\/\/www.revistarescatados.com.ar\/web\/wp-json\/wp\/v2\/posts\/21345\/revisions\/21346"}],"wp:featuredmedia":[{"embeddable":true,"href":"https:\/\/www.revistarescatados.com.ar\/web\/wp-json\/wp\/v2\/media\/21344"}],"wp:attachment":[{"href":"https:\/\/www.revistarescatados.com.ar\/web\/wp-json\/wp\/v2\/media?parent=21345"}],"wp:term":[{"taxonomy":"category","embeddable":true,"href":"https:\/\/www.revistarescatados.com.ar\/web\/wp-json\/wp\/v2\/categories?post=21345"},{"taxonomy":"post_tag","embeddable":true,"href":"https:\/\/www.revistarescatados.com.ar\/web\/wp-json\/wp\/v2\/tags?post=21345"}],"curies":[{"name":"wp","href":"https:\/\/api.w.org\/{rel}","templated":true}]}}