{"id":21423,"date":"2024-03-06T00:51:52","date_gmt":"2024-03-06T03:51:52","guid":{"rendered":"https:\/\/www.revistarescatados.com.ar\/web\/?p=21423"},"modified":"2024-03-06T00:51:52","modified_gmt":"2024-03-06T03:51:52","slug":"cuello-presento-su-plan-de-gestion-al-concejo-municipal-de-calchaqui","status":"publish","type":"post","link":"https:\/\/www.revistarescatados.com.ar\/web\/2024\/03\/06\/cuello-presento-su-plan-de-gestion-al-concejo-municipal-de-calchaqui\/","title":{"rendered":"Cuello present\u00f3 su plan de gesti\u00f3n al concejo municipal de Calchaqu\u00ed"},"content":{"rendered":"<p>&nbsp;<\/p>\n<p><span style=\"color: #0000ff;\"><strong>El intendente brind\u00f3 un balance de la cr\u00edtica situaci\u00f3n econ\u00f3mica que atraviesa el municipio. Se cancelaron obras p\u00fablicas pendientes con fondos nacionales y merm\u00f3 un 30% \u00a0la coparticipaci\u00f3n.<\/strong><\/span><\/p>\n<p><img loading=\"lazy\" class=\"aligncenter size-large wp-image-21424\" src=\"http:\/\/www.revistarescatados.com.ar\/web\/wp-content\/uploads\/2024\/03\/sesion-concejo-municipal-1024x576.jpg\" alt=\"\" width=\"1024\" height=\"576\" srcset=\"https:\/\/www.revistarescatados.com.ar\/web\/wp-content\/uploads\/2024\/03\/sesion-concejo-municipal-1024x576.jpg 1024w, https:\/\/www.revistarescatados.com.ar\/web\/wp-content\/uploads\/2024\/03\/sesion-concejo-municipal-300x169.jpg 300w, https:\/\/www.revistarescatados.com.ar\/web\/wp-content\/uploads\/2024\/03\/sesion-concejo-municipal-768x432.jpg 768w, https:\/\/www.revistarescatados.com.ar\/web\/wp-content\/uploads\/2024\/03\/sesion-concejo-municipal.jpg 1281w\" sizes=\"(max-width: 1024px) 100vw, 1024px\" \/><\/p>\n<p>Este martes 5 de marzo se llevo a cabo la apertura de sesiones del Honorable Concejo Municipal de Calchaqu\u00ed. Fue a las 20 horas en la sala \u201cJuan Luis Daniel Mangini\u201d. La sesi\u00f3n fue presidida por la presidente Mirna Paul\u00f3n y participaron los ediles Graciela Hetze, Tamara Aquino, Juan Jos\u00e9 Humoller, Mart\u00edn Perell\u00f3 y Wilfredo Furrer. Adem\u00e1s el intendente Rub\u00e9n Cuello present\u00f3 su plan de gesti\u00f3n y brind\u00f3 un resumen de la actual coyuntura que atraviesan las finanzas municipales.<\/p>\n<p>En principio, se\u00f1al\u00f3 que por la situaci\u00f3n econ\u00f3mica imperante se realizaron ajustes. \u201cTuvimos que sacar el pan del d\u00eda u otras cuestiones a muchos trabajadores eventuales que prestaban servicios al municipio\u201d, se lament\u00f3. Adem\u00e1s se afect\u00f3 la obra p\u00fablica gestionada ante el gobierno nacional como ser un convenio de 32 cuadras de asfalto y la construcci\u00f3n de las 52 viviendas que se llamaron a licitaci\u00f3n p\u00fablica en tres oportunidades. Se cay\u00f3 el proyecto de iluminaci\u00f3n leds del 70% ejido urbano y la obra de desag\u00fces pluviales.<\/p>\n<p>Por obras menores de la provincia, se esperan recibir 88 millones de pesos; aunque de esos recursos se destinar\u00e1 un porcentaje importante a gastos corrientes. En este sentido, record\u00f3 que desde diciembre, el concejo aprob\u00f3 la afectaci\u00f3n de 19 millones de pesos a gastos corrientes y a\u00fan no se han recibido.<\/p>\n<p>Asimismo, destac\u00f3 que a la secretar\u00eda de obras p\u00fablicas \u2013 a cargo de Mart\u00edn Siri &#8211; \u00a0se ha instruido a la limpieza de canales y mantenimiento de calles de calzada natural y ripio, bacheo y la colocaci\u00f3n de 80 farolas de iluminaci\u00f3n; como tambi\u00e9n la reparaci\u00f3n de maquinarias en los talleres municipales.<\/p>\n<p>Mediante la secretar\u00eda de desarrollo social, liderada por Antonela Beltramino, se inici\u00f3 un relevamiento social de la comunidad. En estos 16 a\u00f1os de gesti\u00f3n, se han logrado 876 pensiones mediante un convenio con la Agencia Nacional de Discapacidad (Andis) que fue disuelta por el gobierno nacional y han quedado 94 pensiones pendientes. Valor\u00f3 que estos recursos significaban una importante inyecci\u00f3n de fondos al comercio local y bienestar de salud de los vecinos. Adem\u00e1s se est\u00e1n sosteniendo 3 merenderos y comedor comunitario con recursos municipales.<\/p>\n<p>Adelant\u00f3 que el pr\u00f3ximo 26 de marzo mantendr\u00e1 una reuni\u00f3n con los ediles junto al secretario de hacienda Pablo Monz\u00f3n, ya que hubo un incremento paritario del 34,5% para los empleados municipales. \u201cEl fondo de masa salarial era de 55 millones de pesos y ahora se fue a 80 millones. Por eso estamos haciendo los ajustes para cumplir con la masa salarial\u201d, se\u00f1al\u00f3. Asimismo destac\u00f3 que solo se mantiene estable la coparticipaci\u00f3n provincial, mientras que los fondos desde naci\u00f3n disminuyeron en un 30%. \u201cEstamos en una situaci\u00f3n muy inc\u00f3moda en el municipio\u201d, se sincer\u00f3.<\/p>\n<p>La secretar\u00eda de producci\u00f3n, turismo y medioambiente est\u00e1 a cargo de Mar\u00eda Paula Ferreyra. En cuanto a turismo, lament\u00f3 el desaprovechamiento del complejo de laguna El Cristal por la falta del puente, aunque la obra de ripio del camino se pudo ejecutar. Aclar\u00f3 que solo \u201cla municipalidad present\u00f3 el proyecto pero quien licit\u00f3 las obras fue la provincia. Por lo que, quienes tienen que terminar las obras son Vialidad provincial y la empresa\u201d, se\u00f1al\u00f3.<\/p>\n<p>Adem\u00e1s, destac\u00f3 y agradeci\u00f3 la gesti\u00f3n de Walter Figueroa en medioambiente, que gestion\u00f3 rodados y herramientas. Adelant\u00f3 que se avanzar\u00e1 en un programa de reforestaci\u00f3n urbana.<\/p>\n<p>La secretar\u00eda de seguridad municipal continuar\u00e1 siendo liderada por Luis \u201cPel\u00e9\u201d Figueroa y valor\u00f3 los resultados positivos de su gesti\u00f3n. El gabinete municipal se completa con Carla Diez como secretaria institucional.<\/p>\n<p>Finalmente, la presidente del concejo municipal Mirna Paul\u00f3n agradeci\u00f3 la presencia del intendente y augur\u00f3 su compromiso de gesti\u00f3n en el tratamiento de las normas durante este per\u00edodo legislativo. Las sesiones p\u00fablicas y abiertas se realizar\u00e1n los d\u00edas jueves a las 20 horas y las reuniones de comisi\u00f3n los d\u00edas martes en el mismo horario.<\/p>\n<p><a href=\"https:\/\/www.facebook.com\/rescatados.calchaqui.5\/videos\/1826190191219526\"><span style=\"color: #0000ff;\"><strong>VIDEO DE LA EXPOSICI\u00d3N DEL INTENDENTE<\/strong><\/span><\/a><\/p>\n","protected":false},"excerpt":{"rendered":"<p>&nbsp; El intendente brind\u00f3 un balance de la cr\u00edtica situaci\u00f3n econ\u00f3mica que atraviesa el municipio. Se cancelaron obras p\u00fablicas pendientes con fondos nacionales y merm\u00f3 un 30% \u00a0la coparticipaci\u00f3n. Este martes 5&#46;&#46;&#46;<\/p>\n","protected":false},"author":1,"featured_media":21424,"comment_status":"closed","ping_status":"closed","sticky":false,"template":"","format":"standard","meta":[],"categories":[2,3,16,10,13,8],"tags":[],"_links":{"self":[{"href":"https:\/\/www.revistarescatados.com.ar\/web\/wp-json\/wp\/v2\/posts\/21423"}],"collection":[{"href":"https:\/\/www.revistarescatados.com.ar\/web\/wp-json\/wp\/v2\/posts"}],"about":[{"href":"https:\/\/www.revistarescatados.com.ar\/web\/wp-json\/wp\/v2\/types\/post"}],"author":[{"embeddable":true,"href":"https:\/\/www.revistarescatados.com.ar\/web\/wp-json\/wp\/v2\/users\/1"}],"replies":[{"embeddable":true,"href":"https:\/\/www.revistarescatados.com.ar\/web\/wp-json\/wp\/v2\/comments?post=21423"}],"version-history":[{"count":1,"href":"https:\/\/www.revistarescatados.com.ar\/web\/wp-json\/wp\/v2\/posts\/21423\/revisions"}],"predecessor-version":[{"id":21425,"href":"https:\/\/www.revistarescatados.com.ar\/web\/wp-json\/wp\/v2\/posts\/21423\/revisions\/21425"}],"wp:featuredmedia":[{"embeddable":true,"href":"https:\/\/www.revistarescatados.com.ar\/web\/wp-json\/wp\/v2\/media\/21424"}],"wp:attachment":[{"href":"https:\/\/www.revistarescatados.com.ar\/web\/wp-json\/wp\/v2\/media?parent=21423"}],"wp:term":[{"taxonomy":"category","embeddable":true,"href":"https:\/\/www.revistarescatados.com.ar\/web\/wp-json\/wp\/v2\/categories?post=21423"},{"taxonomy":"post_tag","embeddable":true,"href":"https:\/\/www.revistarescatados.com.ar\/web\/wp-json\/wp\/v2\/tags?post=21423"}],"curies":[{"name":"wp","href":"https:\/\/api.w.org\/{rel}","templated":true}]}}