{"id":21446,"date":"2024-03-10T12:56:50","date_gmt":"2024-03-10T15:56:50","guid":{"rendered":"https:\/\/www.revistarescatados.com.ar\/web\/?p=21446"},"modified":"2024-03-10T12:56:50","modified_gmt":"2024-03-10T15:56:50","slug":"el-viernes-15-la-provincia-abonara-el-224-del-compromiso-paritario","status":"publish","type":"post","link":"https:\/\/www.revistarescatados.com.ar\/web\/2024\/03\/10\/el-viernes-15-la-provincia-abonara-el-224-del-compromiso-paritario\/","title":{"rendered":"El viernes 15, la provincia abonar\u00e1 el 22,4 % del compromiso paritario"},"content":{"rendered":"<p>&nbsp;<\/p>\n<p><span style=\"color: #0000ff;\"><strong>Ser\u00e1 por planilla complementaria, y completar\u00e1 el 36,4 % del compromiso paritario adeudado por la gesti\u00f3n anterior.<\/strong><\/span><\/p>\n<p>El ministro de Econom\u00eda, Pablo Olivares, inform\u00f3 que \u201cel Gobierno provincial, en un contexto de muchas dificultades y con un gran esfuerzo\u201d, va a abonar el pr\u00f3ximo 15 de marzo por planilla complementaria el 22,4 % que sumado al 14 % de aumento en febrero, salda el compromiso adeudado por la gesti\u00f3n anterior del 36,4 %. De esta manera se completa un 215 % de aumento durante el 2023, contrastando con la ca\u00edda de los recursos provinciales, cuyos ingresos fueron apenas del 123%.<\/p>\n<p>Olivares destac\u00f3 que \u201ceste aumento otorgado por la anterior gesti\u00f3n y que le toc\u00f3 asumir a la actual gesti\u00f3n, significa un impacto presupuestario de casi $ 800.000 millones, todo esto en un contexto macroecon\u00f3mico nacional de ajuste y de poca previsibilidad, que afectan directamente las arcas provinciales\u201d.<\/p>\n<p>El ministro de Econom\u00eda record\u00f3 que el objetivo de la actual gesti\u00f3n \u201ces defender el poder adquisitivo de los trabajadores estatales, meta que se ir\u00e1 cumpliendo a medida de los ingresos que la Provincia vaya obteniendo mes a mes\u201d.<\/p>\n<p><span style=\"color: #0000ff;\"><strong>2023 deficitario<\/strong><\/span><\/p>\n<p>Vale recordar que el ejercicio econ\u00f3mico del Gobierno Provincial cerr\u00f3 2023 con un d\u00e9ficit de $ 131.111.688.114. Los gastos corrientes (134,7 %) crecieron por sobre los recursos corrientes (117,8 %), es decir se gast\u00f3 m\u00e1s de lo que ingres\u00f3. Esto implic\u00f3 que en el resultado econ\u00f3mico, el ahorro corriente -diferencia entre gastos corrientes e ingresos corrientes- cayera un 42,7 % en t\u00e9rminos nominales, es decir, sin tener en cuenta la desvalorizaci\u00f3n por inflaci\u00f3n.<\/p>\n<p>En otras palabras: de cada $ 100 de recursos que en 2023 recaud\u00f3 el Estado Provincial consumi\u00f3 $ 97,63 para hacer funcionar el Estado y pudo ahorrar solo $ 2,37 para financiar la inversi\u00f3n.<\/p>\n<p>Poniendo la lupa sobre los gastos, en 2023 apenas un 7,5% fueron destinados a los denominados Gastos de Capital, como pueden ser obras, rutas, arreglo de patrulleros, ambulancias, equipamiento, etc, y se encuentra entre los niveles m\u00e1s bajos de los \u00faltimos 30 a\u00f1os.<\/p>\n<p>Ese 7,5 % de gasto de capital fue financiado apenas un 29,7 % por el ahorro (proveniente de la diferencia entre los gastos e ingresos corrientes), un 8,7% por recursos de capital (la venta de bienes de capital del Estado o el ingreso de recursos por parte de leyes o convenios) y la parte mayoritaria (61,6%) con deuda.<\/p>\n<p>&nbsp;<\/p>\n","protected":false},"excerpt":{"rendered":"<p>&nbsp; Ser\u00e1 por planilla complementaria, y completar\u00e1 el 36,4 % del compromiso paritario adeudado por la gesti\u00f3n anterior. El ministro de Econom\u00eda, Pablo Olivares, inform\u00f3 que \u201cel Gobierno provincial, en un contexto&#46;&#46;&#46;<\/p>\n","protected":false},"author":1,"featured_media":103,"comment_status":"closed","ping_status":"closed","sticky":false,"template":"","format":"standard","meta":[],"categories":[16,12,8],"tags":[],"_links":{"self":[{"href":"https:\/\/www.revistarescatados.com.ar\/web\/wp-json\/wp\/v2\/posts\/21446"}],"collection":[{"href":"https:\/\/www.revistarescatados.com.ar\/web\/wp-json\/wp\/v2\/posts"}],"about":[{"href":"https:\/\/www.revistarescatados.com.ar\/web\/wp-json\/wp\/v2\/types\/post"}],"author":[{"embeddable":true,"href":"https:\/\/www.revistarescatados.com.ar\/web\/wp-json\/wp\/v2\/users\/1"}],"replies":[{"embeddable":true,"href":"https:\/\/www.revistarescatados.com.ar\/web\/wp-json\/wp\/v2\/comments?post=21446"}],"version-history":[{"count":1,"href":"https:\/\/www.revistarescatados.com.ar\/web\/wp-json\/wp\/v2\/posts\/21446\/revisions"}],"predecessor-version":[{"id":21447,"href":"https:\/\/www.revistarescatados.com.ar\/web\/wp-json\/wp\/v2\/posts\/21446\/revisions\/21447"}],"wp:featuredmedia":[{"embeddable":true,"href":"https:\/\/www.revistarescatados.com.ar\/web\/wp-json\/wp\/v2\/media\/103"}],"wp:attachment":[{"href":"https:\/\/www.revistarescatados.com.ar\/web\/wp-json\/wp\/v2\/media?parent=21446"}],"wp:term":[{"taxonomy":"category","embeddable":true,"href":"https:\/\/www.revistarescatados.com.ar\/web\/wp-json\/wp\/v2\/categories?post=21446"},{"taxonomy":"post_tag","embeddable":true,"href":"https:\/\/www.revistarescatados.com.ar\/web\/wp-json\/wp\/v2\/tags?post=21446"}],"curies":[{"name":"wp","href":"https:\/\/api.w.org\/{rel}","templated":true}]}}