{"id":21450,"date":"2024-03-12T18:33:10","date_gmt":"2024-03-12T21:33:10","guid":{"rendered":"https:\/\/www.revistarescatados.com.ar\/web\/?p=21450"},"modified":"2024-03-12T18:33:10","modified_gmt":"2024-03-12T21:33:10","slug":"santa-fe-avanza-en-la-conservacion-del-aguila-coronada-y-el-cardenal-amarillo-dos-monumentos-naturales-de-la-provincia","status":"publish","type":"post","link":"https:\/\/www.revistarescatados.com.ar\/web\/2024\/03\/12\/santa-fe-avanza-en-la-conservacion-del-aguila-coronada-y-el-cardenal-amarillo-dos-monumentos-naturales-de-la-provincia\/","title":{"rendered":"Santa Fe avanza en la conservaci\u00f3n del \u00e1guila coronada y el cardenal amarillo, dos \u201cmonumentos naturales\u201d de la provincia"},"content":{"rendered":"<p>&nbsp;<\/p>\n<p><em>\u00a0<\/em><\/p>\n<p><span style=\"color: #0000ff;\"><strong>En la Reserva Privada de Usos M\u00faltiples \u201cLa Herminia\u201d, 45km al Este de Tostado, naturalistas, productores agropecuarios y t\u00e9cnicos evaluar\u00e1n el dise\u00f1o inicial del plan dispuesto para preservar ambas especies amenazadas. Ser\u00e1 durante el 13 y el 14 de marzo , con la participaci\u00f3n de autoridades del Ministerio de Ambiente y Cambio Clim\u00e1tico. Tambi\u00e9n habr\u00e1 capacitaciones en identificaci\u00f3n y registro de aves, as\u00ed como en t\u00e9cnicas productivas amigables con el ambiente.<\/strong><\/span><\/p>\n<p>&nbsp;<\/p>\n<p><img loading=\"lazy\" class=\"aligncenter size-full wp-image-21451\" src=\"http:\/\/www.revistarescatados.com.ar\/web\/wp-content\/uploads\/2024\/03\/aguila-coronada-y-el-cardenal-amarillo.jpg\" alt=\"\" width=\"700\" height=\"433\" srcset=\"https:\/\/www.revistarescatados.com.ar\/web\/wp-content\/uploads\/2024\/03\/aguila-coronada-y-el-cardenal-amarillo.jpg 700w, https:\/\/www.revistarescatados.com.ar\/web\/wp-content\/uploads\/2024\/03\/aguila-coronada-y-el-cardenal-amarillo-300x186.jpg 300w\" sizes=\"(max-width: 700px) 100vw, 700px\" \/><\/p>\n<p>Con la participaci\u00f3n de productores agropecuarios, naturalistas, Organizaciones No Gubernamentales (ONG\u2019s), investigadores y funcionarios del Ministerio de Ambiente y Cambio Clim\u00e1tico provincial, los d\u00edas 13 y 14 de marzo pr\u00f3ximos se realizar\u00e1 en la Reserva Privada de Usos M\u00faltiples \u201cLa Herminia\u201d (Depto. 9 de Julio) el \u201cSegundo encuentro regional hacia un plan de conservaci\u00f3n del \u00e1guila del chaco y el cardenal amarillo en la provincia de Santa Fe\u201d.<\/p>\n<p>&nbsp;<\/p>\n<p>Ambas especies fueron declaradas Monumentos Naturales de la provincia y, seg\u00fan lo establece la Ley 12.175 de \u00c1reas Naturales Protegidas, deben contar con un plan de conservaci\u00f3n para \u201cminimizar las amenazas que puedan llevar a su extinci\u00f3n en la naturaleza y evitar su declinaci\u00f3n poblacional..\u201d.<\/p>\n<p>&nbsp;<\/p>\n<p>El dise\u00f1o de estos planes comenz\u00f3 durante un primer encuentro, realizado en agosto de 2023 en el Centro Operativo Experimental \u201cGobernador Aldo Emilio Tessio\u201d, en Las Gamas (departamento Vera). Ahora, los actores involucrados fueron convocados para conocer los avances en el dise\u00f1o del plan y proponer los cambios o ajustes que consideren pertinentes.<\/p>\n<p>&nbsp;<\/p>\n<p>Adem\u00e1s, se realizar\u00e1n dos talleres, a cargo de cient\u00edficos y especialistas, en los que aficionados, naturalistas y productores agropecuarios se capacitar\u00e1n en t\u00e9cnicas de relevamiento y registro de estas especies, as\u00ed como en pr\u00e1cticas productivas que colaboren con su preservaci\u00f3n.<\/p>\n<p>&nbsp;<\/p>\n<p>Del evento participar\u00e1 el Secretario de Biodiversidad de la provincia, Alejandro Luciani, junto a los responsables de las \u00e1reas de Bosques Nativos, \u00c1reas Protegidas y Fauna y Pesca del Ministerio de Ambiente y Cambio Clim\u00e1tico.<\/p>\n<p>&nbsp;<\/p>\n<p>Tambi\u00e9n estar\u00e1n Jos\u00e9 Sarasola, investigador del Conicet y director del Centro para el Estudio y Conservaci\u00f3n de las Aves Rapaces en Argentina (CECARA), y Roc\u00edo Lapido, coordinadora del proyecto Cardenal Amarillo en Aves Argentinas, quienes capacitar\u00e1n a los presentes en el muestreo a campo de ambas especies y el registro de su entorno.<\/p>\n<p>&nbsp;<\/p>\n<p>Adem\u00e1s participar\u00e1n de las capacitaciones el Coordinador Programa Pastizales de Aves Argentinas, Gustavo Marino; y el ornit\u00f3logo y naturalista Pablo Capovilla, quien explicar\u00e1 c\u00f3mo utilizar la aplicaci\u00f3n m\u00f3vil \u201ciNaturalist\u201d (o ArgentiNat), que permite a los observadores cargar fotos de ejemplares para aportar a los programas de conservaci\u00f3n.<\/p>\n<p>&nbsp;<\/p>\n<p>Durante los dos d\u00edas en \u201cLa Herminia\u201d se espera la presencia de unas 30 personas, entre naturalistas y productores agropecuarios de San Crist\u00f3bal, 9 de Julio y Vera, adem\u00e1s de t\u00e9cnicos de las \u00e1reas de gobierno mencionadas.<\/p>\n<p>&nbsp;<\/p>\n<p>Las actividades comenzar\u00e1n el mi\u00e9rcoles 13, desde las 15hs, con la presentaci\u00f3n del encuentro, a cargo de autoridades y la exposici\u00f3n de lo hecho hasta el momento sobre el plan de conservaci\u00f3n del \u00e1guila coronada y el cardenal amarillo. Luego se debatir\u00e1 sobre lo expuesto, previo a un plenario de \u201cCiencia Ciudadana\u201d (aportes que hacen particulares o aficionados a la conservaci\u00f3n) en el que se analizar\u00e1 c\u00f3mo crear una red de colaboradores en el territorio.<\/p>\n<p>&nbsp;<\/p>\n<p>El jueves 14, Lapido expondr\u00e1 sobre el Censo Nacional de Cardenal Amarillo, mientras que Sarasola capacitar\u00e1 a los asistentes en el registro de ejemplares de \u00e1guila del chaco. Luego habr\u00e1 una salida a campo para realizar pr\u00e1cticas de avistaje de ambas especies y una instrucci\u00f3n para la toma de datos sobre caracter\u00edsticas destacadas del h\u00e1bitat del aguila del Chaco y del cardenal amarillo.<\/p>\n<p>&nbsp;<\/p>\n<p>Otro de los aspectos sobre el que se informar\u00e1 a productores agropecuarios interesados en la conservaci\u00f3n ser\u00e1 las implicancias de inscribir sus establecimientos como Reserva Privada de Usos M\u00faltiples. En estos casos se trabajar\u00e1 en gesti\u00f3n de h\u00e1bitats, para producir y conservar; buenas pr\u00e1cticas productivas y herramientas para conservar el bosque y la sabana. Especialistas en bosque nativo se referir\u00e1n a planes de conservaci\u00f3n; ecoturismo en \u00e1reas protegidas y las l\u00edneas de apoyo disponibles desde el Estado para que puedan producir cuidando la naturaleza.<\/p>\n<p>&nbsp;<\/p>\n<p>Justamente, uno de los aspectos que propone el plan de conservaci\u00f3n es promocionar la inscripci\u00f3n de m\u00e1s establecimientos como reservas para ampliar la superficie protegida.<\/p>\n","protected":false},"excerpt":{"rendered":"<p>&nbsp; \u00a0 En la Reserva Privada de Usos M\u00faltiples \u201cLa Herminia\u201d, 45km al Este de Tostado, naturalistas, productores agropecuarios y t\u00e9cnicos evaluar\u00e1n el dise\u00f1o inicial del plan dispuesto para preservar ambas especies&#46;&#46;&#46;<\/p>\n","protected":false},"author":1,"featured_media":21451,"comment_status":"closed","ping_status":"closed","sticky":false,"template":"","format":"standard","meta":[],"categories":[16,10,14,8],"tags":[],"_links":{"self":[{"href":"https:\/\/www.revistarescatados.com.ar\/web\/wp-json\/wp\/v2\/posts\/21450"}],"collection":[{"href":"https:\/\/www.revistarescatados.com.ar\/web\/wp-json\/wp\/v2\/posts"}],"about":[{"href":"https:\/\/www.revistarescatados.com.ar\/web\/wp-json\/wp\/v2\/types\/post"}],"author":[{"embeddable":true,"href":"https:\/\/www.revistarescatados.com.ar\/web\/wp-json\/wp\/v2\/users\/1"}],"replies":[{"embeddable":true,"href":"https:\/\/www.revistarescatados.com.ar\/web\/wp-json\/wp\/v2\/comments?post=21450"}],"version-history":[{"count":1,"href":"https:\/\/www.revistarescatados.com.ar\/web\/wp-json\/wp\/v2\/posts\/21450\/revisions"}],"predecessor-version":[{"id":21452,"href":"https:\/\/www.revistarescatados.com.ar\/web\/wp-json\/wp\/v2\/posts\/21450\/revisions\/21452"}],"wp:featuredmedia":[{"embeddable":true,"href":"https:\/\/www.revistarescatados.com.ar\/web\/wp-json\/wp\/v2\/media\/21451"}],"wp:attachment":[{"href":"https:\/\/www.revistarescatados.com.ar\/web\/wp-json\/wp\/v2\/media?parent=21450"}],"wp:term":[{"taxonomy":"category","embeddable":true,"href":"https:\/\/www.revistarescatados.com.ar\/web\/wp-json\/wp\/v2\/categories?post=21450"},{"taxonomy":"post_tag","embeddable":true,"href":"https:\/\/www.revistarescatados.com.ar\/web\/wp-json\/wp\/v2\/tags?post=21450"}],"curies":[{"name":"wp","href":"https:\/\/api.w.org\/{rel}","templated":true}]}}