{"id":21472,"date":"2024-03-16T00:27:15","date_gmt":"2024-03-16T03:27:15","guid":{"rendered":"https:\/\/www.revistarescatados.com.ar\/web\/?p=21472"},"modified":"2024-03-16T00:27:15","modified_gmt":"2024-03-16T03:27:15","slug":"chiqui-rojas-reconocio-a-un-talentoso-nadador-verense","status":"publish","type":"post","link":"https:\/\/www.revistarescatados.com.ar\/web\/2024\/03\/16\/chiqui-rojas-reconocio-a-un-talentoso-nadador-verense\/","title":{"rendered":"Chiqui Rojas reconoci\u00f3 a un talentoso nadador verense"},"content":{"rendered":"<p><span style=\"color: #0000ff;\"><strong>Juan Ignacio Fankhauser es un joven de 14 a\u00f1os de la ciudad de Vera. A los 6 a\u00f1os, por consejo m\u00e9dico, comenz\u00f3 a practicar nataci\u00f3n y desde entonces no par\u00f3 de practicar y superarse. La c\u00e1mara de diputados, a instancia del diputado Sergio Rojas, reconoci\u00f3 su labor.<\/strong><\/span><\/p>\n<p><img loading=\"lazy\" class=\"aligncenter size-full wp-image-21473\" src=\"http:\/\/www.revistarescatados.com.ar\/web\/wp-content\/uploads\/2024\/03\/Rojas-y-nadador.jpg\" alt=\"\" width=\"960\" height=\"637\" srcset=\"https:\/\/www.revistarescatados.com.ar\/web\/wp-content\/uploads\/2024\/03\/Rojas-y-nadador.jpg 960w, https:\/\/www.revistarescatados.com.ar\/web\/wp-content\/uploads\/2024\/03\/Rojas-y-nadador-300x199.jpg 300w, https:\/\/www.revistarescatados.com.ar\/web\/wp-content\/uploads\/2024\/03\/Rojas-y-nadador-768x510.jpg 768w\" sizes=\"(max-width: 960px) 100vw, 960px\" \/><\/p>\n<p>Hoy es un destacado y prometedor nadador, con condiciones f\u00edsicas y t\u00e9cnicas de alt\u00edsimo nivel. Entrena 4 veces por semana en Reconquista y participa en competencias provinciales y nacionales, tanto en piletas como en aguas abiertas, consiguiendo excelentes resultados, mejorando constantemente sus marcas y compitiendo en diferentes categor\u00edas y estilos.<\/p>\n<p>Este a\u00f1o fue invitado por el Comit\u00e9 Paral\u00edmpico Argentino (COPAR) a participar del Open Internacional de Nataci\u00f3n, que se realizar\u00e1 en el mes de abril. &#8220;Estamos comprometidos a brindarle el apoyo necesario para que pueda viajar y competir en este importante evento&#8221;, anunci\u00f3 el legislador.<\/p>\n<p>&#8220;Desde la C\u00e1mara de Diputados, le otorgamos un reconocimiento por su compromiso, su perseverancia y los logros conseguidos, que trascienden largamente lo deportivo&#8221;, se\u00f1al\u00f3 el diputado Sergio Rojas.<\/p>\n<p>&nbsp;<\/p>\n","protected":false},"excerpt":{"rendered":"<p>Juan Ignacio Fankhauser es un joven de 14 a\u00f1os de la ciudad de Vera. A los 6 a\u00f1os, por consejo m\u00e9dico, comenz\u00f3 a practicar nataci\u00f3n y desde entonces no par\u00f3 de practicar&#46;&#46;&#46;<\/p>\n","protected":false},"author":1,"featured_media":21473,"comment_status":"closed","ping_status":"closed","sticky":false,"template":"","format":"standard","meta":[],"categories":[3,17,16,13,8],"tags":[],"_links":{"self":[{"href":"https:\/\/www.revistarescatados.com.ar\/web\/wp-json\/wp\/v2\/posts\/21472"}],"collection":[{"href":"https:\/\/www.revistarescatados.com.ar\/web\/wp-json\/wp\/v2\/posts"}],"about":[{"href":"https:\/\/www.revistarescatados.com.ar\/web\/wp-json\/wp\/v2\/types\/post"}],"author":[{"embeddable":true,"href":"https:\/\/www.revistarescatados.com.ar\/web\/wp-json\/wp\/v2\/users\/1"}],"replies":[{"embeddable":true,"href":"https:\/\/www.revistarescatados.com.ar\/web\/wp-json\/wp\/v2\/comments?post=21472"}],"version-history":[{"count":1,"href":"https:\/\/www.revistarescatados.com.ar\/web\/wp-json\/wp\/v2\/posts\/21472\/revisions"}],"predecessor-version":[{"id":21474,"href":"https:\/\/www.revistarescatados.com.ar\/web\/wp-json\/wp\/v2\/posts\/21472\/revisions\/21474"}],"wp:featuredmedia":[{"embeddable":true,"href":"https:\/\/www.revistarescatados.com.ar\/web\/wp-json\/wp\/v2\/media\/21473"}],"wp:attachment":[{"href":"https:\/\/www.revistarescatados.com.ar\/web\/wp-json\/wp\/v2\/media?parent=21472"}],"wp:term":[{"taxonomy":"category","embeddable":true,"href":"https:\/\/www.revistarescatados.com.ar\/web\/wp-json\/wp\/v2\/categories?post=21472"},{"taxonomy":"post_tag","embeddable":true,"href":"https:\/\/www.revistarescatados.com.ar\/web\/wp-json\/wp\/v2\/tags?post=21472"}],"curies":[{"name":"wp","href":"https:\/\/api.w.org\/{rel}","templated":true}]}}