{"id":21477,"date":"2024-03-20T01:30:41","date_gmt":"2024-03-20T04:30:41","guid":{"rendered":"https:\/\/www.revistarescatados.com.ar\/web\/?p=21477"},"modified":"2024-03-20T01:30:41","modified_gmt":"2024-03-20T04:30:41","slug":"dionisio-scarpin-solicito-la-emergencia-vial-en-santa-fe","status":"publish","type":"post","link":"https:\/\/www.revistarescatados.com.ar\/web\/2024\/03\/20\/dionisio-scarpin-solicito-la-emergencia-vial-en-santa-fe\/","title":{"rendered":"Dionisio Scarpin solicit\u00f3 la Emergencia Vial en Santa Fe"},"content":{"rendered":"<p>&nbsp;<\/p>\n<p><span style=\"color: #0000ff;\"><strong>El proyecto de Ley presentado por el diputado provincial tiene como objetivo acelerar los plazos de reparaci\u00f3n en las rutas santafesinas. \u201cQueremos brindarle al Gobierno los mecanismos y herramientas necesarias para que se agilicen las obras y las tareas\u201d, afirm\u00f3.<\/strong><\/span><\/p>\n<p><img loading=\"lazy\" class=\"aligncenter size-full wp-image-21478\" src=\"http:\/\/www.revistarescatados.com.ar\/web\/wp-content\/uploads\/2024\/03\/Scarpin-Enrico.jpg\" alt=\"\" width=\"540\" height=\"442\" srcset=\"https:\/\/www.revistarescatados.com.ar\/web\/wp-content\/uploads\/2024\/03\/Scarpin-Enrico.jpg 540w, https:\/\/www.revistarescatados.com.ar\/web\/wp-content\/uploads\/2024\/03\/Scarpin-Enrico-300x246.jpg 300w\" sizes=\"(max-width: 540px) 100vw, 540px\" \/><\/p>\n<p>El diputado provincial Dionisio Scarpin ingres\u00f3 un proyecto de Ley para declarar \u201cel estado de Emergencia en Infraestructura Vial en todo el territorio provincial por el t\u00e9rmino de un a\u00f1o\u201d. La iniciativa busca brindar herramientas al gobierno provincial y al Ministerio de Obras P\u00fablicas para acelerar los trabajos y las obras de reparaci\u00f3n en las rutas santafesinas.<\/p>\n<p>\u201cDurante los \u00faltimos cuatro a\u00f1os de gobierno, las rutas provinciales fueron abandonadas y hoy el estado de deterioro, la falta de se\u00f1alizaci\u00f3n e iluminaci\u00f3n; aumenta la cantidad y la gravedad de los siniestros viales en el territorio provincial\u201d, dijo el legislador. Adem\u00e1s agreg\u00f3, que la red vial de la provincia tiene 720 kil\u00f3metros de rutas que se encuentran en un estado de deterioro grave: \u201cSi bien vemos que las m\u00e1quinas est\u00e1n trabajando, se debe avanzar con mayor celeridad y por eso planificamos esta herramienta que va a permitir acelerar las tareas\u201d, expres\u00f3.<\/p>\n<p>\u201cEsas rutas deterioradas afectan al sector productivo que tiene p\u00e9rdidas enormes en la reparaci\u00f3n de los veh\u00edculos de transporte, pero tambi\u00e9n a los vecinos de las localidades donde la ambulancia y la polic\u00eda no pueden llegar\u201d, sostuvo. En el mismo sentido a\u00f1adi\u00f3 que \u201clas rutas de nuestra provincia son de suma importancia para el desarrollo de nuestras comunidades, m\u00e1s a\u00fan luego del cierre de la mayor\u00eda de las l\u00edneas de ferrocarril\u201d.<\/p>\n<p><span style=\"color: #0000ff;\"><strong>El proyecto<\/strong><\/span><br \/>\nLa iniciativa ingresada en la C\u00e1mara de Diputados consta de 6 art\u00edculos y el primero -como se indica anteriormente- declara la Emergencia Vial en la provincia por un a\u00f1o. En tanto, el art\u00edculo segundo establece que el Ministerio de Obras P\u00fablicas ser\u00e1 la autoridad de aplicaci\u00f3n de la ley.<\/p>\n<p>El art\u00edculo le otorga las siguientes facultades a dicho organismo, en el marco de Emergencia: relevar el estado de las rutas y las obras a realizar y confeccionar un informe en 30 d\u00edas, reorganizar aspectos funcionales y operativos del Ministerio, fomentar acuerdos con municipios y comunas que permitan un r\u00e1pido accionar para la reparaci\u00f3n y mantenimiento de las rutas provinciales y propiciar acuerdos con Consorcios Camineros o cualquier otra organizaci\u00f3n civil constituida con la finalidad del mantenimiento de<br \/>\nrutas y caminos rurales.<\/p>\n<p>Adem\u00e1s, el mismo art\u00edculo faculta al organismo provincial a establecer mecanismos para la r\u00e1pida organizaci\u00f3n y coordinaci\u00f3n de la utilizaci\u00f3n de los recursos disponibles destinados a<br \/>\nla construcci\u00f3n, mantenimiento y reparaci\u00f3n de rutas provinciales, a restablecer y garantizar el suministro de insumos necesarios para el cumplimiento del fin de la ley, a adquirir insumos, materiales, contratar servicios, recursos humanos, comprar equipamiento y todo lo necesario para lograr una r\u00e1pida intervenci\u00f3n y mejorar la se\u00f1al\u00e9tica y las medidas de seguridad vial a lo largo de todas las rutas provinciales.<\/p>\n<p>El art\u00edculo cuatro habilita al Ministerio de Obras P\u00fablicas a la contrataci\u00f3n directa \u201ccon estricto apego al principio de transparencia y acreditando debidamente la razonabilidad del precio elegido\u201d. Asimismo, los art\u00edculos quinto y sexto insta al Ejecutivo a reglamentar la ley dentro de los 30 d\u00edas de su entrada en vigencia y autoriza a realizar las modificaciones presupuestarias necesarias.<\/p>\n","protected":false},"excerpt":{"rendered":"<p>&nbsp; El proyecto de Ley presentado por el diputado provincial tiene como objetivo acelerar los plazos de reparaci\u00f3n en las rutas santafesinas. \u201cQueremos brindarle al Gobierno los mecanismos y herramientas necesarias para&#46;&#46;&#46;<\/p>\n","protected":false},"author":1,"featured_media":21478,"comment_status":"closed","ping_status":"closed","sticky":false,"template":"","format":"standard","meta":[],"categories":[16,13,12,14],"tags":[],"_links":{"self":[{"href":"https:\/\/www.revistarescatados.com.ar\/web\/wp-json\/wp\/v2\/posts\/21477"}],"collection":[{"href":"https:\/\/www.revistarescatados.com.ar\/web\/wp-json\/wp\/v2\/posts"}],"about":[{"href":"https:\/\/www.revistarescatados.com.ar\/web\/wp-json\/wp\/v2\/types\/post"}],"author":[{"embeddable":true,"href":"https:\/\/www.revistarescatados.com.ar\/web\/wp-json\/wp\/v2\/users\/1"}],"replies":[{"embeddable":true,"href":"https:\/\/www.revistarescatados.com.ar\/web\/wp-json\/wp\/v2\/comments?post=21477"}],"version-history":[{"count":1,"href":"https:\/\/www.revistarescatados.com.ar\/web\/wp-json\/wp\/v2\/posts\/21477\/revisions"}],"predecessor-version":[{"id":21479,"href":"https:\/\/www.revistarescatados.com.ar\/web\/wp-json\/wp\/v2\/posts\/21477\/revisions\/21479"}],"wp:featuredmedia":[{"embeddable":true,"href":"https:\/\/www.revistarescatados.com.ar\/web\/wp-json\/wp\/v2\/media\/21478"}],"wp:attachment":[{"href":"https:\/\/www.revistarescatados.com.ar\/web\/wp-json\/wp\/v2\/media?parent=21477"}],"wp:term":[{"taxonomy":"category","embeddable":true,"href":"https:\/\/www.revistarescatados.com.ar\/web\/wp-json\/wp\/v2\/categories?post=21477"},{"taxonomy":"post_tag","embeddable":true,"href":"https:\/\/www.revistarescatados.com.ar\/web\/wp-json\/wp\/v2\/tags?post=21477"}],"curies":[{"name":"wp","href":"https:\/\/api.w.org\/{rel}","templated":true}]}}