{"id":21480,"date":"2024-03-22T02:03:59","date_gmt":"2024-03-22T05:03:59","guid":{"rendered":"https:\/\/www.revistarescatados.com.ar\/web\/?p=21480"},"modified":"2024-03-22T02:03:59","modified_gmt":"2024-03-22T05:03:59","slug":"entregaron-escrituras-de-viviendas-fonavi-a-vecinos-de-intiyaco-margarita-la-gallareta-y-vera","status":"publish","type":"post","link":"https:\/\/www.revistarescatados.com.ar\/web\/2024\/03\/22\/entregaron-escrituras-de-viviendas-fonavi-a-vecinos-de-intiyaco-margarita-la-gallareta-y-vera\/","title":{"rendered":"Entregaron escrituras de viviendas FONAVI a vecinos de Intiyaco, Margarita, La Gallareta y Vera"},"content":{"rendered":"<p>En representaci\u00f3n del gobernador Maximiliano Pullaro, lo hizo la ministra de G\u00e9nero y Desarrollo Humano, Victoria Tejeda; acompa\u00f1ada por la intendente Paula Mitre, el senador Osvaldo Sosa; los diputados Dionisio Scarp\u00edn y Sergio Rojas; la subdirectora de Vivienda y Urbanismo, Giorgina Paoli; el director provincial de Intervenci\u00f3n del H\u00e1bitat, Rams\u00e9s Medina; el director de Regularizaci\u00f3n Dominial, Mariano Rodriguez Grancelli; el secretario de Desarrollo Territorial, Sergio Basile; adem\u00e1s de presidentes comunales, referentes de la zona y beneficiarios.<\/p>\n<p><img loading=\"lazy\" class=\"aligncenter size-large wp-image-21481\" src=\"http:\/\/www.revistarescatados.com.ar\/web\/wp-content\/uploads\/2024\/03\/escrituras-de-viviendas-en-vera-1024x743.jpg\" alt=\"\" width=\"1024\" height=\"743\" srcset=\"https:\/\/www.revistarescatados.com.ar\/web\/wp-content\/uploads\/2024\/03\/escrituras-de-viviendas-en-vera-1024x743.jpg 1024w, https:\/\/www.revistarescatados.com.ar\/web\/wp-content\/uploads\/2024\/03\/escrituras-de-viviendas-en-vera-300x218.jpg 300w, https:\/\/www.revistarescatados.com.ar\/web\/wp-content\/uploads\/2024\/03\/escrituras-de-viviendas-en-vera-768x557.jpg 768w, https:\/\/www.revistarescatados.com.ar\/web\/wp-content\/uploads\/2024\/03\/escrituras-de-viviendas-en-vera.jpg 1064w\" sizes=\"(max-width: 1024px) 100vw, 1024px\" \/><br \/>\nFueron 66 escrituras sin costo para adjudicatarios de Intiyaco, Margarita, La Gallareta y Vera que, en algunos casos, esperaron muchos a\u00f1os este momento, a partir del cual tienen posesi\u00f3n legal del inmueble con la posibilidad de vender, transferir, heredar, usarlo como garant\u00eda y solicitar servicios.<\/p>\n<p>En sus palabras de bienvenida, la intendente Paula Mitre expres\u00f3 su \u201cemoci\u00f3n de poder acompa\u00f1ar a las familias en un momento tan significativo, en el que se materializa un sue\u00f1o largamente acariciado como el de tener el t\u00edtulo de propiedad de su vivienda en la que podr\u00e1n seguir cumpliendo sus proyectos y ver crecer a sus hijos, por eso hoy es un d\u00eda de celebraci\u00f3n\u201d.<\/p>\n<p>Tambi\u00e9n el senador Osvaldo Sosa se mostr\u00f3 orgulloso de poder estar en este acto y agradeci\u00f3 la invitaci\u00f3n de la ministra Tejeda \u201cen un gesto que demuestra que las diferencias pol\u00edticas se dejan de lado cuando se gobierna\u201d.<br \/>\n\u201dEl sue\u00f1o de la casa propia hoy se transforma en un hogar para seguir so\u00f1ando\u201d, agreg\u00f3.<\/p>\n<p>Aclar\u00f3 a los adjudicatarios que \u201ceste el trabajo de mucho tiempo que se concreta en esta oportunidad, por eso compartimos su alegr\u00eda\u201d.<\/p>\n<p>Por \u00faltimo, la ministra Victoria Tejeda transmiti\u00f3 el saludo de gobernador Maximiliano Pullaro y agradeci\u00f3 \u201cel aguante de los beneficiarios para esperar estas escrituras que, m\u00e1s que un papel escrito es hablar de sue\u00f1os, de compromiso y de esfuerzo\u201d.<\/p>\n<p>\u201cEsta es una pol\u00edtica p\u00fablica del gobierno provincial, que es un derecho en el que vamos a seguir trabajando para bienestar de todos los santafesinos\u201d, dijo al tiempo que tambi\u00e9n agradeci\u00f3 \u201cel trabajo de municipios, comunas y legisladores en la articulaci\u00f3n de la gesti\u00f3n para lograr este resultado, llevando tranquilidad y alegr\u00eda a muchos vecinos del departamento Vera\u201d.<\/p>\n<p><strong>Fuente: Manuel Mudry &#8211; Letyana Press<\/strong><\/p>\n","protected":false},"excerpt":{"rendered":"<p>En representaci\u00f3n del gobernador Maximiliano Pullaro, lo hizo la ministra de G\u00e9nero y Desarrollo Humano, Victoria Tejeda; acompa\u00f1ada por la intendente Paula Mitre, el senador Osvaldo Sosa; los diputados Dionisio Scarp\u00edn y&#46;&#46;&#46;<\/p>\n","protected":false},"author":1,"featured_media":21481,"comment_status":"closed","ping_status":"closed","sticky":false,"template":"","format":"standard","meta":[],"categories":[3,16,14,8],"tags":[],"_links":{"self":[{"href":"https:\/\/www.revistarescatados.com.ar\/web\/wp-json\/wp\/v2\/posts\/21480"}],"collection":[{"href":"https:\/\/www.revistarescatados.com.ar\/web\/wp-json\/wp\/v2\/posts"}],"about":[{"href":"https:\/\/www.revistarescatados.com.ar\/web\/wp-json\/wp\/v2\/types\/post"}],"author":[{"embeddable":true,"href":"https:\/\/www.revistarescatados.com.ar\/web\/wp-json\/wp\/v2\/users\/1"}],"replies":[{"embeddable":true,"href":"https:\/\/www.revistarescatados.com.ar\/web\/wp-json\/wp\/v2\/comments?post=21480"}],"version-history":[{"count":1,"href":"https:\/\/www.revistarescatados.com.ar\/web\/wp-json\/wp\/v2\/posts\/21480\/revisions"}],"predecessor-version":[{"id":21482,"href":"https:\/\/www.revistarescatados.com.ar\/web\/wp-json\/wp\/v2\/posts\/21480\/revisions\/21482"}],"wp:featuredmedia":[{"embeddable":true,"href":"https:\/\/www.revistarescatados.com.ar\/web\/wp-json\/wp\/v2\/media\/21481"}],"wp:attachment":[{"href":"https:\/\/www.revistarescatados.com.ar\/web\/wp-json\/wp\/v2\/media?parent=21480"}],"wp:term":[{"taxonomy":"category","embeddable":true,"href":"https:\/\/www.revistarescatados.com.ar\/web\/wp-json\/wp\/v2\/categories?post=21480"},{"taxonomy":"post_tag","embeddable":true,"href":"https:\/\/www.revistarescatados.com.ar\/web\/wp-json\/wp\/v2\/tags?post=21480"}],"curies":[{"name":"wp","href":"https:\/\/api.w.org\/{rel}","templated":true}]}}