{"id":21483,"date":"2024-03-22T02:10:33","date_gmt":"2024-03-22T05:10:33","guid":{"rendered":"https:\/\/www.revistarescatados.com.ar\/web\/?p=21483"},"modified":"2024-03-22T02:10:33","modified_gmt":"2024-03-22T05:10:33","slug":"comienza-la-campana-anual-de-vacunacion-contra-la-gripe","status":"publish","type":"post","link":"https:\/\/www.revistarescatados.com.ar\/web\/2024\/03\/22\/comienza-la-campana-anual-de-vacunacion-contra-la-gripe\/","title":{"rendered":"Comienza la Campa\u00f1a Anual de Vacunaci\u00f3n contra la Gripe"},"content":{"rendered":"<p>&nbsp;<\/p>\n<p>&nbsp;<\/p>\n<p><span style=\"color: #0000ff;\"><strong>Se aplica al personal de salud y a trabajadores y residentes de instituciones geri\u00e1tricas, para luego continuar en el resto de la poblaci\u00f3n destinataria.<\/strong><\/span><\/p>\n<p><img loading=\"lazy\" class=\"aligncenter size-large wp-image-14153\" src=\"http:\/\/www.revistarescatados.com.ar\/web\/wp-content\/uploads\/2021\/06\/Vacunacion-covid-19-1024x575.jpg\" alt=\"\" width=\"1024\" height=\"575\" srcset=\"https:\/\/www.revistarescatados.com.ar\/web\/wp-content\/uploads\/2021\/06\/Vacunacion-covid-19-1024x575.jpg 1024w, https:\/\/www.revistarescatados.com.ar\/web\/wp-content\/uploads\/2021\/06\/Vacunacion-covid-19-300x168.jpg 300w, https:\/\/www.revistarescatados.com.ar\/web\/wp-content\/uploads\/2021\/06\/Vacunacion-covid-19-768x431.jpg 768w, https:\/\/www.revistarescatados.com.ar\/web\/wp-content\/uploads\/2021\/06\/Vacunacion-covid-19.jpg 1140w\" sizes=\"(max-width: 1024px) 100vw, 1024px\" \/><\/p>\n<p>La Provincia de Santa Fe comienza la campa\u00f1a de vacunaci\u00f3n 2024 contra el virus de la gripe o influenza, de aplicaci\u00f3n anual, gratuita y obligatoria, establecida en el Calendario Nacional de Inmunizaciones.<\/p>\n<p>Al respecto, la responsable provincial del Programa Ampliado de Inmunizaciones (PAI), Gabriela Clementz, inform\u00f3 los aspectos log\u00edsticos de la campa\u00f1a y enfatiz\u00f3 la importancia de su implementaci\u00f3n.<\/p>\n<p>\u201cEl jueves 21 comienza la campa\u00f1a de vacunaci\u00f3n antigripal que tiene como objetivo reducir complicaciones, hospitalizaciones, secuelas y muertes por la infecci\u00f3n ocasionadas por el virus de influenza\u201d, precis\u00f3 Clementz.<\/p>\n<p>Y explic\u00f3 que \u201ccomenzamos vacunando a los m\u00e1s vulnerables y expuestos, para luego continuar con toda la poblaci\u00f3n objetivo o destinataria: trabajadores y personal de salud, trabajadores y residentes en instituciones geri\u00e1tricas (adultos mayores); porque si bien todos podemos presentar esta enfermedad, hay grupos que pueden tener mayor posibilidades de complicaciones\u201d.<\/p>\n<p>\u201cDe este modo -prosigui\u00f3 la responsable del PAI-, se destinan las primeras dosis para poder cubrir estos dos grupo de mayor riesgo y, en l\u00ednea con lo que establece el Ministerio de Salud de la Naci\u00f3n, esto se hace en forma escalonada vacunando primero el personal de salud -que es el que tiene que realizar la atenci\u00f3n durante la \u00e9poca de mayor circulaci\u00f3n de la gripe-, y a los m\u00e1s vulnerable por la edad, a adultos mayores\u201d.<\/p>\n<p>Posteriormente, continuamos con las personas gestantes en cualquier trimestre del embarazo; con las pu\u00e9rperas, si es que no recibieron la vacunaci\u00f3n durante el embarazo, con los ni\u00f1os de 6 meses a 2 a\u00f1os, con las personas entre 2 a\u00f1os y 64 a\u00f1os que tengan factores de riesgo, y con los de 65 y m\u00e1s a\u00f1os de edad.<\/p>\n<p><strong>La importancia de la dosis anual<\/strong><\/p>\n<p>Por otra parte, Gabriela Clementz explic\u00f3 cu\u00e1l es el sentido de la aplicaci\u00f3n de una dosis anual en las personas que forman parte de la poblaci\u00f3n objetivo, y la importancia de que concurran a aplic\u00e1rsela.<\/p>\n<p>\u201cTodos los a\u00f1os esperamos que durante marzo\/abril lleguen de Salud de la Naci\u00f3n las vacunas con la cepa que va a circular durante los meses de ese a\u00f1o en curso (por ejemplo, 2024). De modo tal que cuando est\u00e1n disponibles se comienzan a distribuir y a aplicar la nueva, que est\u00e1 formulada con una cepa distinta a la que se utiliz\u00f3 en a\u00f1os anteriores (2023, en este caso). Por eso es necesario recibir una dosis anual para estar m\u00e1s protegidos\u201d, enfatiz\u00f3.<\/p>\n<p>\u201cEs decir -continu\u00f3 Clementz- que la vacunaci\u00f3n antigripal debe ser efectuada en forma oportuna, idealmente antes del comienzo del invierno (etapa de mayor circulaci\u00f3n del virus influenza). No obstante, y en consonancia con el escenario epidemiol\u00f3gico nacional, regional y local, la vacunaci\u00f3n antigripal continuar\u00e1 durante el resto del a\u00f1o debido a la din\u00e1mica de circulaci\u00f3n viral\u201d.<\/p>\n<p>A partir de la disponibilidad de dosis, entonces, se dar\u00e1 inicio a la campa\u00f1a de manera gratuita y obligatoria en todos los centros de salud y hospitales p\u00fablicos con vacunatorio de la provincia, destinada a la poblaci\u00f3n objetivo definida.<\/p>\n<p><strong>Poblaci\u00f3n objetivo<\/strong><\/p>\n<p>La poblaci\u00f3n que destinataria de la vacunaci\u00f3n contra la gripe es la siguiente:<br \/>\n* Personal de salud.<br \/>\n* Personas gestantes: en cada embarazo y en cualquier trimestre de la gestaci\u00f3n: En cada embarazo, debe recibir la vacuna antigripal y contra el covid-19 en cualquier trimestre de gestaci\u00f3n, la vacuna triple bacteriana acelular [dtpa] a partir de la semana 20 de gestaci\u00f3n y la vacuna contra el virus sincicial respiratorio entre las semanas 32 y 36 de gestaci\u00f3n.<br \/>\n* Personas pu\u00e9rperas: hasta el egreso de la maternidad \u2013m\u00e1ximo 10 d\u00edas-, si no recibiera la vacuna durante el embarazo.<br \/>\n* Ni\u00f1os y ni\u00f1as de 6 a 24 meses de edad: esquema de dos dosis, si no las recibieron anteriormente.<br \/>\n* Personas entre los 2 y 64 a\u00f1os que tengan factores de riesgo: con documentaci\u00f3n que acredite la existencia de enfermedades preexistentes incluidas entre los factores de riesgo.<br \/>\n* Personas de 65 a\u00f1os y mayores.<br \/>\n* Personal estrat\u00e9gico, cuyo desempe\u00f1o es clave para mantener las funciones esenciales (ej. fuerzas de Seguridad del Estado).<\/p>\n<p>&nbsp;<\/p>\n","protected":false},"excerpt":{"rendered":"<p>&nbsp; &nbsp; Se aplica al personal de salud y a trabajadores y residentes de instituciones geri\u00e1tricas, para luego continuar en el resto de la poblaci\u00f3n destinataria. La Provincia de Santa Fe comienza&#46;&#46;&#46;<\/p>\n","protected":false},"author":1,"featured_media":7690,"comment_status":"closed","ping_status":"closed","sticky":false,"template":"","format":"standard","meta":[],"categories":[16,12,9,8],"tags":[],"_links":{"self":[{"href":"https:\/\/www.revistarescatados.com.ar\/web\/wp-json\/wp\/v2\/posts\/21483"}],"collection":[{"href":"https:\/\/www.revistarescatados.com.ar\/web\/wp-json\/wp\/v2\/posts"}],"about":[{"href":"https:\/\/www.revistarescatados.com.ar\/web\/wp-json\/wp\/v2\/types\/post"}],"author":[{"embeddable":true,"href":"https:\/\/www.revistarescatados.com.ar\/web\/wp-json\/wp\/v2\/users\/1"}],"replies":[{"embeddable":true,"href":"https:\/\/www.revistarescatados.com.ar\/web\/wp-json\/wp\/v2\/comments?post=21483"}],"version-history":[{"count":1,"href":"https:\/\/www.revistarescatados.com.ar\/web\/wp-json\/wp\/v2\/posts\/21483\/revisions"}],"predecessor-version":[{"id":21484,"href":"https:\/\/www.revistarescatados.com.ar\/web\/wp-json\/wp\/v2\/posts\/21483\/revisions\/21484"}],"wp:featuredmedia":[{"embeddable":true,"href":"https:\/\/www.revistarescatados.com.ar\/web\/wp-json\/wp\/v2\/media\/7690"}],"wp:attachment":[{"href":"https:\/\/www.revistarescatados.com.ar\/web\/wp-json\/wp\/v2\/media?parent=21483"}],"wp:term":[{"taxonomy":"category","embeddable":true,"href":"https:\/\/www.revistarescatados.com.ar\/web\/wp-json\/wp\/v2\/categories?post=21483"},{"taxonomy":"post_tag","embeddable":true,"href":"https:\/\/www.revistarescatados.com.ar\/web\/wp-json\/wp\/v2\/tags?post=21483"}],"curies":[{"name":"wp","href":"https:\/\/api.w.org\/{rel}","templated":true}]}}