{"id":21690,"date":"2024-04-30T01:52:35","date_gmt":"2024-04-30T04:52:35","guid":{"rendered":"https:\/\/www.revistarescatados.com.ar\/web\/?p=21690"},"modified":"2024-04-30T01:52:35","modified_gmt":"2024-04-30T04:52:35","slug":"mas-localidades-sanjustinas-se-suman-al-plan-incluir","status":"publish","type":"post","link":"https:\/\/www.revistarescatados.com.ar\/web\/2024\/04\/30\/mas-localidades-sanjustinas-se-suman-al-plan-incluir\/","title":{"rendered":"M\u00e1s localidades sanjustinas se suman al Plan Incluir"},"content":{"rendered":"<p style=\"font-weight: 400;\"><span style=\"color: #0000ff;\"><strong>San Mart\u00edn Norte, La Criolla, La Camila y Vera y Pintado firmaron convenios con la provincia, gestionados por el senador Rodrigo Borla.<\/strong><\/span><\/p>\n<p><img loading=\"lazy\" class=\"aligncenter size-large wp-image-21691\" src=\"http:\/\/www.revistarescatados.com.ar\/web\/wp-content\/uploads\/2024\/04\/incluir-1024x768.jpg\" alt=\"\" width=\"1024\" height=\"768\" srcset=\"https:\/\/www.revistarescatados.com.ar\/web\/wp-content\/uploads\/2024\/04\/incluir-1024x768.jpg 1024w, https:\/\/www.revistarescatados.com.ar\/web\/wp-content\/uploads\/2024\/04\/incluir-300x225.jpg 300w, https:\/\/www.revistarescatados.com.ar\/web\/wp-content\/uploads\/2024\/04\/incluir-768x576.jpg 768w, https:\/\/www.revistarescatados.com.ar\/web\/wp-content\/uploads\/2024\/04\/incluir.jpg 1080w\" sizes=\"(max-width: 1024px) 100vw, 1024px\" \/><\/p>\n<p style=\"font-weight: 400;\">El Senador Provincial Rodrigo Borla junto al Ministro de Gobierno de Santa Fe, Fabi\u00e1n Bast\u00eda, estuvieron en el transcurso del fin de semana en localidades del centro norte del departamento San Justo para la r\u00fabrica de convenios del mencionado programa.<\/p>\n<p style=\"font-weight: 400;\">En San Mart\u00edn Norte las autoridades firmaron un convenio del Plan Incluir con los dirigentes del Club River PLate de esa localidad y posteriormente en La Criolla hicieron lo propio con el Presidente Comunal local y sus pares de las Comunas de La Camila y Vera y Pintado.<\/p>\n<p style=\"font-weight: 400;\">\u2026\u201cpara las instituciones deportivas este programa es de gran importancia ya que a trav\u00e9s de ellos pueden mejorar su infraestructura y brindar mejores servicios, mientras que a las comunas les permite la concreci\u00f3n de proyectos que muchas veces se complica financiarlos con recursos propios\u201d\u2026, se\u00f1al\u00f3 el Senador Rodrigo Borla.<\/p>\n<p style=\"font-weight: 400;\"><strong>En Ramay\u00f3n.\u00a0\u00a0\u00a0\u00a0\u00a0\u00a0\u00a0\u00a0\u00a0\u00a0\u00a0\u00a0\u00a0\u00a0\u00a0\u00a0\u00a0\u00a0\u00a0\u00a0\u00a0\u00a0\u00a0\u00a0\u00a0\u00a0\u00a0\u00a0\u00a0\u00a0\u00a0\u00a0\u00a0\u00a0\u00a0\u00a0\u00a0\u00a0\u00a0\u00a0\u00a0\u00a0\u00a0\u00a0\u00a0\u00a0\u00a0\u00a0\u00a0\u00a0\u00a0\u00a0\u00a0\u00a0\u00a0\u00a0\u00a0\u00a0\u00a0\u00a0\u00a0\u00a0\u00a0\u00a0\u00a0\u00a0\u00a0\u00a0\u00a0\u00a0\u00a0\u00a0\u00a0\u00a0\u00a0\u00a0\u00a0\u00a0\u00a0\u00a0\u00a0\u00a0\u00a0\u00a0\u00a0\u00a0\u00a0\u00a0\u00a0\u00a0\u00a0\u00a0\u00a0\u00a0\u00a0\u00a0\u00a0\u00a0\u00a0\u00a0\u00a0\u00a0\u00a0\u00a0\u00a0\u00a0\u00a0\u00a0\u00a0\u00a0\u00a0\u00a0\u00a0\u00a0\u00a0\u00a0\u00a0\u00a0\u00a0\u00a0\u00a0<\/strong><\/p>\n<p style=\"font-weight: 400;\">Tambi\u00e9n en esta localidad estuvo Rodrigo Borla y se reuni\u00f3 con el Presidente Comunal Mart\u00edn Truchet con qui\u00e9n hizo entrega a representantes de varias instituciones del distrito de aportes del programa de fortalecimiento institucional de la C\u00e1mara de Senadores de la Provincia.<\/p>\n","protected":false},"excerpt":{"rendered":"<p>San Mart\u00edn Norte, La Criolla, La Camila y Vera y Pintado firmaron convenios con la provincia, gestionados por el senador Rodrigo Borla. El Senador Provincial Rodrigo Borla junto al Ministro de Gobierno&#46;&#46;&#46;<\/p>\n","protected":false},"author":1,"featured_media":21691,"comment_status":"closed","ping_status":"closed","sticky":false,"template":"","format":"standard","meta":[],"categories":[4,16,10,14],"tags":[],"_links":{"self":[{"href":"https:\/\/www.revistarescatados.com.ar\/web\/wp-json\/wp\/v2\/posts\/21690"}],"collection":[{"href":"https:\/\/www.revistarescatados.com.ar\/web\/wp-json\/wp\/v2\/posts"}],"about":[{"href":"https:\/\/www.revistarescatados.com.ar\/web\/wp-json\/wp\/v2\/types\/post"}],"author":[{"embeddable":true,"href":"https:\/\/www.revistarescatados.com.ar\/web\/wp-json\/wp\/v2\/users\/1"}],"replies":[{"embeddable":true,"href":"https:\/\/www.revistarescatados.com.ar\/web\/wp-json\/wp\/v2\/comments?post=21690"}],"version-history":[{"count":1,"href":"https:\/\/www.revistarescatados.com.ar\/web\/wp-json\/wp\/v2\/posts\/21690\/revisions"}],"predecessor-version":[{"id":21692,"href":"https:\/\/www.revistarescatados.com.ar\/web\/wp-json\/wp\/v2\/posts\/21690\/revisions\/21692"}],"wp:featuredmedia":[{"embeddable":true,"href":"https:\/\/www.revistarescatados.com.ar\/web\/wp-json\/wp\/v2\/media\/21691"}],"wp:attachment":[{"href":"https:\/\/www.revistarescatados.com.ar\/web\/wp-json\/wp\/v2\/media?parent=21690"}],"wp:term":[{"taxonomy":"category","embeddable":true,"href":"https:\/\/www.revistarescatados.com.ar\/web\/wp-json\/wp\/v2\/categories?post=21690"},{"taxonomy":"post_tag","embeddable":true,"href":"https:\/\/www.revistarescatados.com.ar\/web\/wp-json\/wp\/v2\/tags?post=21690"}],"curies":[{"name":"wp","href":"https:\/\/api.w.org\/{rel}","templated":true}]}}