{"id":2172,"date":"2018-10-03T15:51:56","date_gmt":"2018-10-03T18:51:56","guid":{"rendered":"http:\/\/www.revistarescatados.com.ar\/web\/?p=2172"},"modified":"2018-10-03T15:51:56","modified_gmt":"2018-10-03T18:51:56","slug":"asumio-la-comision-ejecutiva-del-samco-calchaqui","status":"publish","type":"post","link":"https:\/\/www.revistarescatados.com.ar\/web\/2018\/10\/03\/asumio-la-comision-ejecutiva-del-samco-calchaqui\/","title":{"rendered":"Asumi\u00f3 la Comisi\u00f3n Ejecutiva del Samco Calchaqu\u00ed"},"content":{"rendered":"<p><img loading=\"lazy\" class=\"aligncenter size-full wp-image-2174\" src=\"http:\/\/www.revistarescatados.com.ar\/web\/wp-content\/uploads\/2018\/10\/samco-3.jpg\" alt=\"\" width=\"1280\" height=\"768\" srcset=\"https:\/\/www.revistarescatados.com.ar\/web\/wp-content\/uploads\/2018\/10\/samco-3.jpg 1280w, https:\/\/www.revistarescatados.com.ar\/web\/wp-content\/uploads\/2018\/10\/samco-3-300x180.jpg 300w, https:\/\/www.revistarescatados.com.ar\/web\/wp-content\/uploads\/2018\/10\/samco-3-768x461.jpg 768w, https:\/\/www.revistarescatados.com.ar\/web\/wp-content\/uploads\/2018\/10\/samco-3-1024x614.jpg 1024w\" sizes=\"(max-width: 1280px) 100vw, 1280px\" \/><\/p>\n<p><span style=\"color: #0000ff;\"><strong>En la asamblea general ordinaria, hab\u00edan sido reelectos en sus cargos como presidente Daniel Avallone, secretario Leandro Bertolini y tesorera Eva Capello.<\/strong><\/span><\/p>\n<p>El pasado 20 de septiembre, asumi\u00f3 sus funciones el Consejo de administraci\u00f3n y Comisi\u00f3n ejecutiva del Servicio para la Atenci\u00f3n M\u00e9dica de la Comunidad de Calchaqu\u00ed. En el acto se dio lectura a la resoluci\u00f3n 1717 del Ministerio de Salud provincial que reconoci\u00f3 la renovaci\u00f3n total de autoridades.<\/p>\n<p>As\u00ed se reconoce el Concejo de administraci\u00f3n integrado por: Antonela Beltramino e Ismael Vanney (en representaci\u00f3n de la Municipalidad de Calchaqu\u00ed),\u00a0 Eva Capello y Olga Burella \u2013 titulares, Cristina Aguilar y Norma Manni (por el Centro de Jubilados y Pensionados), Mar\u00eda Judith Castell\u00e1n y Norma Camusso \u2013 titulares, Mar\u00eda Delia Arias y Silvia Arnaudo (por la Biblioteca Popular \u00c1ngel Jos\u00e9 Medina); Daniel Avallone y Pablo Monz\u00f3n (por la Asociaci\u00f3n Mutual Calchaqu\u00ed FC), Adriana Gim\u00e9nez y Beatriz Zilli (por la Asociaci\u00f3n Civil El Buen Samaritano); Leandro Bertolini y Miguel \u00c1ngel Paul\u00f3n (por el Centro Comercial, industrial y de la producci\u00f3n).<\/p>\n<p>Finalmente, la resoluci\u00f3n aprueba la elecci\u00f3n de la comisi\u00f3n ejecutiva integrada por presidente Daniel Avallone, secretario Leandro Bertolini y tesorera Eva Capello.<\/p>\n<p><img loading=\"lazy\" class=\"aligncenter size-full wp-image-2173\" src=\"http:\/\/www.revistarescatados.com.ar\/web\/wp-content\/uploads\/2018\/10\/samco-1.jpg\" alt=\"\" width=\"1280\" height=\"768\" srcset=\"https:\/\/www.revistarescatados.com.ar\/web\/wp-content\/uploads\/2018\/10\/samco-1.jpg 1280w, https:\/\/www.revistarescatados.com.ar\/web\/wp-content\/uploads\/2018\/10\/samco-1-300x180.jpg 300w, https:\/\/www.revistarescatados.com.ar\/web\/wp-content\/uploads\/2018\/10\/samco-1-768x461.jpg 768w, https:\/\/www.revistarescatados.com.ar\/web\/wp-content\/uploads\/2018\/10\/samco-1-1024x614.jpg 1024w\" sizes=\"(max-width: 1280px) 100vw, 1280px\" \/> <img loading=\"lazy\" class=\"aligncenter size-full wp-image-2175\" src=\"http:\/\/www.revistarescatados.com.ar\/web\/wp-content\/uploads\/2018\/10\/samco.jpg\" alt=\"\" width=\"1280\" height=\"768\" srcset=\"https:\/\/www.revistarescatados.com.ar\/web\/wp-content\/uploads\/2018\/10\/samco.jpg 1280w, https:\/\/www.revistarescatados.com.ar\/web\/wp-content\/uploads\/2018\/10\/samco-300x180.jpg 300w, https:\/\/www.revistarescatados.com.ar\/web\/wp-content\/uploads\/2018\/10\/samco-768x461.jpg 768w, https:\/\/www.revistarescatados.com.ar\/web\/wp-content\/uploads\/2018\/10\/samco-1024x614.jpg 1024w\" sizes=\"(max-width: 1280px) 100vw, 1280px\" \/><\/p>\n","protected":false},"excerpt":{"rendered":"<p>En la asamblea general ordinaria, hab\u00edan sido reelectos en sus cargos como presidente Daniel Avallone, secretario Leandro Bertolini y tesorera Eva Capello. El pasado 20 de septiembre, asumi\u00f3 sus funciones el Consejo&#46;&#46;&#46;<\/p>\n","protected":false},"author":1,"featured_media":2174,"comment_status":"closed","ping_status":"open","sticky":false,"template":"","format":"standard","meta":[],"categories":[2,3,10],"tags":[],"_links":{"self":[{"href":"https:\/\/www.revistarescatados.com.ar\/web\/wp-json\/wp\/v2\/posts\/2172"}],"collection":[{"href":"https:\/\/www.revistarescatados.com.ar\/web\/wp-json\/wp\/v2\/posts"}],"about":[{"href":"https:\/\/www.revistarescatados.com.ar\/web\/wp-json\/wp\/v2\/types\/post"}],"author":[{"embeddable":true,"href":"https:\/\/www.revistarescatados.com.ar\/web\/wp-json\/wp\/v2\/users\/1"}],"replies":[{"embeddable":true,"href":"https:\/\/www.revistarescatados.com.ar\/web\/wp-json\/wp\/v2\/comments?post=2172"}],"version-history":[{"count":1,"href":"https:\/\/www.revistarescatados.com.ar\/web\/wp-json\/wp\/v2\/posts\/2172\/revisions"}],"predecessor-version":[{"id":2176,"href":"https:\/\/www.revistarescatados.com.ar\/web\/wp-json\/wp\/v2\/posts\/2172\/revisions\/2176"}],"wp:featuredmedia":[{"embeddable":true,"href":"https:\/\/www.revistarescatados.com.ar\/web\/wp-json\/wp\/v2\/media\/2174"}],"wp:attachment":[{"href":"https:\/\/www.revistarescatados.com.ar\/web\/wp-json\/wp\/v2\/media?parent=2172"}],"wp:term":[{"taxonomy":"category","embeddable":true,"href":"https:\/\/www.revistarescatados.com.ar\/web\/wp-json\/wp\/v2\/categories?post=2172"},{"taxonomy":"post_tag","embeddable":true,"href":"https:\/\/www.revistarescatados.com.ar\/web\/wp-json\/wp\/v2\/tags?post=2172"}],"curies":[{"name":"wp","href":"https:\/\/api.w.org\/{rel}","templated":true}]}}