{"id":21884,"date":"2024-05-29T22:53:55","date_gmt":"2024-05-30T01:53:55","guid":{"rendered":"https:\/\/www.revistarescatados.com.ar\/web\/?p=21884"},"modified":"2024-05-29T22:53:55","modified_gmt":"2024-05-30T01:53:55","slug":"el-senador-osvaldo-sosa-participo-de-la-entrega-de-20-viviendas-a-docentes-en-vera","status":"publish","type":"post","link":"https:\/\/www.revistarescatados.com.ar\/web\/2024\/05\/29\/el-senador-osvaldo-sosa-participo-de-la-entrega-de-20-viviendas-a-docentes-en-vera\/","title":{"rendered":"El senador Osvaldo Sosa particip\u00f3 de la entrega de 20 viviendas a docentes en Vera"},"content":{"rendered":"<p><span style=\"color: #0000ff;\"><strong>Fueron 20 unidades habitacionales que integran un plan que fue convenido entre el gremio de los docentes oficiales AMSAFE y el gobierno provincial en un acuerdo paritario del 2018<\/strong><\/span><\/p>\n<p><img loading=\"lazy\" class=\"aligncenter size-full wp-image-21885\" src=\"http:\/\/www.revistarescatados.com.ar\/web\/wp-content\/uploads\/2024\/05\/Sosa-en-entrega-de-viviendas.jpg\" alt=\"\" width=\"582\" height=\"408\" srcset=\"https:\/\/www.revistarescatados.com.ar\/web\/wp-content\/uploads\/2024\/05\/Sosa-en-entrega-de-viviendas.jpg 582w, https:\/\/www.revistarescatados.com.ar\/web\/wp-content\/uploads\/2024\/05\/Sosa-en-entrega-de-viviendas-300x210.jpg 300w\" sizes=\"(max-width: 582px) 100vw, 582px\" \/><br \/>\nEl acto fue presidido por el gobernador Maximiliano Pullaro, recibido por la intendente Paula Mitre y el senador Osvaldo Sosa.<\/p>\n<p>El senador Osvaldo Sosa destac\u00f3 el aporte de todos a lo largo de la gesti\u00f3n, \u201ceste es un m\u00e9todo que estamos ensayando con todas las fuerzas pol\u00edticas en el departamento Vera y es que todo lo hacemos entre todos\u201d, remarc\u00f3.<\/p>\n<p>\u201cAgradezco la posibilidad de poder dirigirme a los presentes y abrazarlos a todos los que van a comenzar una nueva vida en estas viviendas\u201d, agreg\u00f3.<\/p>\n<p>Tambi\u00e9n agradeci\u00f3 al gobernador Maximiliano Pullaro y a la intendente Paula Mitre por este momento tan preciado e invit\u00f3 al primer mandatario a recorrer juntos el departamento Vera para que, m\u00e1s all\u00e1 de la obras que hay que hacer, conozca a sus habitantes que son distintos\u201d, concluy\u00f3.<\/p>\n","protected":false},"excerpt":{"rendered":"<p>Fueron 20 unidades habitacionales que integran un plan que fue convenido entre el gremio de los docentes oficiales AMSAFE y el gobierno provincial en un acuerdo paritario del 2018 El acto fue&#46;&#46;&#46;<\/p>\n","protected":false},"author":1,"featured_media":21885,"comment_status":"closed","ping_status":"closed","sticky":false,"template":"","format":"standard","meta":[],"categories":[3,16,15,10],"tags":[],"_links":{"self":[{"href":"https:\/\/www.revistarescatados.com.ar\/web\/wp-json\/wp\/v2\/posts\/21884"}],"collection":[{"href":"https:\/\/www.revistarescatados.com.ar\/web\/wp-json\/wp\/v2\/posts"}],"about":[{"href":"https:\/\/www.revistarescatados.com.ar\/web\/wp-json\/wp\/v2\/types\/post"}],"author":[{"embeddable":true,"href":"https:\/\/www.revistarescatados.com.ar\/web\/wp-json\/wp\/v2\/users\/1"}],"replies":[{"embeddable":true,"href":"https:\/\/www.revistarescatados.com.ar\/web\/wp-json\/wp\/v2\/comments?post=21884"}],"version-history":[{"count":1,"href":"https:\/\/www.revistarescatados.com.ar\/web\/wp-json\/wp\/v2\/posts\/21884\/revisions"}],"predecessor-version":[{"id":21886,"href":"https:\/\/www.revistarescatados.com.ar\/web\/wp-json\/wp\/v2\/posts\/21884\/revisions\/21886"}],"wp:featuredmedia":[{"embeddable":true,"href":"https:\/\/www.revistarescatados.com.ar\/web\/wp-json\/wp\/v2\/media\/21885"}],"wp:attachment":[{"href":"https:\/\/www.revistarescatados.com.ar\/web\/wp-json\/wp\/v2\/media?parent=21884"}],"wp:term":[{"taxonomy":"category","embeddable":true,"href":"https:\/\/www.revistarescatados.com.ar\/web\/wp-json\/wp\/v2\/categories?post=21884"},{"taxonomy":"post_tag","embeddable":true,"href":"https:\/\/www.revistarescatados.com.ar\/web\/wp-json\/wp\/v2\/tags?post=21884"}],"curies":[{"name":"wp","href":"https:\/\/api.w.org\/{rel}","templated":true}]}}