{"id":21887,"date":"2024-05-29T22:58:31","date_gmt":"2024-05-30T01:58:31","guid":{"rendered":"https:\/\/www.revistarescatados.com.ar\/web\/?p=21887"},"modified":"2024-05-29T22:58:31","modified_gmt":"2024-05-30T01:58:31","slug":"detienen-a-un-hombre-por-amenazar-a-su-familia-con-armas-de-fuego-en-san-javier","status":"publish","type":"post","link":"https:\/\/www.revistarescatados.com.ar\/web\/2024\/05\/29\/detienen-a-un-hombre-por-amenazar-a-su-familia-con-armas-de-fuego-en-san-javier\/","title":{"rendered":"Detienen a un hombre por amenazar a su familia con armas de fuego en San Javier"},"content":{"rendered":"<p>&nbsp;<\/p>\n<p>&nbsp;<\/p>\n<p><span style=\"color: #0000ff;\"><strong>La Polic\u00eda de Investigaciones, dependiente de la \u00f3rbita del Ministerio de Justicia y Seguridad de la provincia de Santa Fe, detuvo hoy a un hombre mayor de edad, identificado como E. R. D., en el marco de una investigaci\u00f3n por Portaci\u00f3n Ileg\u00edtima de arma de fuego de uso prohibido. Adem\u00e1s le secuestraron un rev\u00f3lver calibre 22 y 08 cartuchos.<\/strong><\/span><\/p>\n<p><img loading=\"lazy\" class=\"aligncenter size-large wp-image-21888\" src=\"http:\/\/www.revistarescatados.com.ar\/web\/wp-content\/uploads\/2024\/05\/allanamiento-san-javier-1024x461.jpg\" alt=\"\" width=\"1024\" height=\"461\" srcset=\"https:\/\/www.revistarescatados.com.ar\/web\/wp-content\/uploads\/2024\/05\/allanamiento-san-javier-1024x461.jpg 1024w, https:\/\/www.revistarescatados.com.ar\/web\/wp-content\/uploads\/2024\/05\/allanamiento-san-javier-300x135.jpg 300w, https:\/\/www.revistarescatados.com.ar\/web\/wp-content\/uploads\/2024\/05\/allanamiento-san-javier-768x346.jpg 768w, https:\/\/www.revistarescatados.com.ar\/web\/wp-content\/uploads\/2024\/05\/allanamiento-san-javier-1536x691.jpg 1536w, https:\/\/www.revistarescatados.com.ar\/web\/wp-content\/uploads\/2024\/05\/allanamiento-san-javier.jpg 1600w\" sizes=\"(max-width: 1024px) 100vw, 1024px\" \/><\/p>\n<p>Los efectivos del Departamento Operativo Investigativo Regi\u00f3n 1, iniciaron las actuaciones a ra\u00edz de informe labrado por personal de la CRE UR XIV, donde la v\u00edctima daba cuenta de que su hermano se hizo presente en su domicilio con una escopeta, ingresando violentamente y amenazado con matarla a ella y sus hijos. Esa misma noche, su hija menor de edad escuch\u00f3 que los perros ladraban y vio a su t\u00edo dando vueltas por la calle y efectuando disparos al aire con una escopeta.<\/p>\n<p>Seguidamente se llev\u00f3 a cabo un allanamiento en una finca ubicada en calle Paiki al 600 de la ciudad de San Javier, donde procedieron a la detenci\u00f3n del imputado, a quien le secuestraron un rev\u00f3lver calibre .22 que portaba en la cintura y cartuchos.<\/p>\n<p>El fiscal en turno orden\u00f3 la detenci\u00f3n del hombre e identificado por los delitos de PORTACI\u00d3N ILEGITIMA DE ARMA DE FUEGO DE USO PROHIBIDO.<\/p>\n<p>&nbsp;<\/p>\n","protected":false},"excerpt":{"rendered":"<p>&nbsp; &nbsp; La Polic\u00eda de Investigaciones, dependiente de la \u00f3rbita del Ministerio de Justicia y Seguridad de la provincia de Santa Fe, detuvo hoy a un hombre mayor de edad, identificado como&#46;&#46;&#46;<\/p>\n","protected":false},"author":1,"featured_media":21888,"comment_status":"closed","ping_status":"closed","sticky":false,"template":"","format":"standard","meta":[],"categories":[5,16,11,8],"tags":[],"_links":{"self":[{"href":"https:\/\/www.revistarescatados.com.ar\/web\/wp-json\/wp\/v2\/posts\/21887"}],"collection":[{"href":"https:\/\/www.revistarescatados.com.ar\/web\/wp-json\/wp\/v2\/posts"}],"about":[{"href":"https:\/\/www.revistarescatados.com.ar\/web\/wp-json\/wp\/v2\/types\/post"}],"author":[{"embeddable":true,"href":"https:\/\/www.revistarescatados.com.ar\/web\/wp-json\/wp\/v2\/users\/1"}],"replies":[{"embeddable":true,"href":"https:\/\/www.revistarescatados.com.ar\/web\/wp-json\/wp\/v2\/comments?post=21887"}],"version-history":[{"count":1,"href":"https:\/\/www.revistarescatados.com.ar\/web\/wp-json\/wp\/v2\/posts\/21887\/revisions"}],"predecessor-version":[{"id":21889,"href":"https:\/\/www.revistarescatados.com.ar\/web\/wp-json\/wp\/v2\/posts\/21887\/revisions\/21889"}],"wp:featuredmedia":[{"embeddable":true,"href":"https:\/\/www.revistarescatados.com.ar\/web\/wp-json\/wp\/v2\/media\/21888"}],"wp:attachment":[{"href":"https:\/\/www.revistarescatados.com.ar\/web\/wp-json\/wp\/v2\/media?parent=21887"}],"wp:term":[{"taxonomy":"category","embeddable":true,"href":"https:\/\/www.revistarescatados.com.ar\/web\/wp-json\/wp\/v2\/categories?post=21887"},{"taxonomy":"post_tag","embeddable":true,"href":"https:\/\/www.revistarescatados.com.ar\/web\/wp-json\/wp\/v2\/tags?post=21887"}],"curies":[{"name":"wp","href":"https:\/\/api.w.org\/{rel}","templated":true}]}}