{"id":21890,"date":"2024-05-29T23:15:51","date_gmt":"2024-05-30T02:15:51","guid":{"rendered":"https:\/\/www.revistarescatados.com.ar\/web\/?p=21890"},"modified":"2024-05-29T23:16:51","modified_gmt":"2024-05-30T02:16:51","slug":"operativo-de-saturacion-policial-en-vera","status":"publish","type":"post","link":"https:\/\/www.revistarescatados.com.ar\/web\/2024\/05\/29\/operativo-de-saturacion-policial-en-vera\/","title":{"rendered":"Operativo de saturaci\u00f3n policial en Vera"},"content":{"rendered":"<p>&nbsp;<\/p>\n<p><strong><span style=\"color: #0000ff;\">M\u00f3viles y personal policial llevaron a cabo el megaoperativo este mi\u00e9rcoles. En puntos estrat\u00e9gicos de la ciudad y en simultaneo se realizaron chequeos selectivos de personas, motos y autom\u00f3viles.<\/span> <\/strong><\/p>\n<p><img loading=\"lazy\" class=\"aligncenter size-large wp-image-21891\" src=\"http:\/\/www.revistarescatados.com.ar\/web\/wp-content\/uploads\/2024\/05\/Operativo-en-Vera-1024x768.jpg\" alt=\"\" width=\"1024\" height=\"768\" srcset=\"https:\/\/www.revistarescatados.com.ar\/web\/wp-content\/uploads\/2024\/05\/Operativo-en-Vera-1024x768.jpg 1024w, https:\/\/www.revistarescatados.com.ar\/web\/wp-content\/uploads\/2024\/05\/Operativo-en-Vera-300x225.jpg 300w, https:\/\/www.revistarescatados.com.ar\/web\/wp-content\/uploads\/2024\/05\/Operativo-en-Vera-768x576.jpg 768w, https:\/\/www.revistarescatados.com.ar\/web\/wp-content\/uploads\/2024\/05\/Operativo-en-Vera.jpg 1280w\" sizes=\"(max-width: 1024px) 100vw, 1024px\" \/><\/p>\n<p>En virtud de continuar con las directivas dispuestas por el Ministerio de Seguridad y Superioridad de la Jefatura de Polic\u00eda de la Provincia de Santa Fe, se dio inicio\u00a0 a las 17:00\u00a0 horas, un megaoperativo\u00a0\u00a0 en conjunto.<\/p>\n<p>Participaron numerarios de la DGPDI, DGSR, DGPSV Y UR XIX y personal\u00a0 de inspectores del municipio local.<\/p>\n<p>En puntos estrat\u00e9gicos de la ciudad y en simultaneo se realizaron chequeos selectivos de personas, motos y autom\u00f3viles.<\/p>\n<p>&nbsp;<\/p>\n<p>El jefe de UR XIX Director de Polic\u00eda Ariel Omar Monje, acompa\u00f1ado del\u00a0 Jefe de Divisi\u00f3n Operaciones Policiales Comisario Supervisor Jorge Agust\u00edn Quinteros, el subjefe de UR XIX Subdirector de Polic\u00eda Dar\u00edo\u00a0 Lacuadra y del Jefe de AUOP UR XIX Subdirector de Polic\u00eda Mario de los Santos supervisaron los diferentes operativos.<\/p>\n","protected":false},"excerpt":{"rendered":"<p>&nbsp; M\u00f3viles y personal policial llevaron a cabo el megaoperativo este mi\u00e9rcoles. En puntos estrat\u00e9gicos de la ciudad y en simultaneo se realizaron chequeos selectivos de personas, motos y autom\u00f3viles. En virtud&#46;&#46;&#46;<\/p>\n","protected":false},"author":1,"featured_media":21891,"comment_status":"closed","ping_status":"closed","sticky":false,"template":"","format":"standard","meta":[],"categories":[3,16,11,14,8],"tags":[],"_links":{"self":[{"href":"https:\/\/www.revistarescatados.com.ar\/web\/wp-json\/wp\/v2\/posts\/21890"}],"collection":[{"href":"https:\/\/www.revistarescatados.com.ar\/web\/wp-json\/wp\/v2\/posts"}],"about":[{"href":"https:\/\/www.revistarescatados.com.ar\/web\/wp-json\/wp\/v2\/types\/post"}],"author":[{"embeddable":true,"href":"https:\/\/www.revistarescatados.com.ar\/web\/wp-json\/wp\/v2\/users\/1"}],"replies":[{"embeddable":true,"href":"https:\/\/www.revistarescatados.com.ar\/web\/wp-json\/wp\/v2\/comments?post=21890"}],"version-history":[{"count":2,"href":"https:\/\/www.revistarescatados.com.ar\/web\/wp-json\/wp\/v2\/posts\/21890\/revisions"}],"predecessor-version":[{"id":21893,"href":"https:\/\/www.revistarescatados.com.ar\/web\/wp-json\/wp\/v2\/posts\/21890\/revisions\/21893"}],"wp:featuredmedia":[{"embeddable":true,"href":"https:\/\/www.revistarescatados.com.ar\/web\/wp-json\/wp\/v2\/media\/21891"}],"wp:attachment":[{"href":"https:\/\/www.revistarescatados.com.ar\/web\/wp-json\/wp\/v2\/media?parent=21890"}],"wp:term":[{"taxonomy":"category","embeddable":true,"href":"https:\/\/www.revistarescatados.com.ar\/web\/wp-json\/wp\/v2\/categories?post=21890"},{"taxonomy":"post_tag","embeddable":true,"href":"https:\/\/www.revistarescatados.com.ar\/web\/wp-json\/wp\/v2\/tags?post=21890"}],"curies":[{"name":"wp","href":"https:\/\/api.w.org\/{rel}","templated":true}]}}