{"id":21894,"date":"2024-05-29T23:37:32","date_gmt":"2024-05-30T02:37:32","guid":{"rendered":"https:\/\/www.revistarescatados.com.ar\/web\/?p=21894"},"modified":"2024-05-29T23:38:49","modified_gmt":"2024-05-30T02:38:49","slug":"toque-de-sirenas-y-abrazo-simbolico-para-celebrar-el-dia-del-bombero-voluntario-en-calchaqui","status":"publish","type":"post","link":"https:\/\/www.revistarescatados.com.ar\/web\/2024\/05\/29\/toque-de-sirenas-y-abrazo-simbolico-para-celebrar-el-dia-del-bombero-voluntario-en-calchaqui\/","title":{"rendered":"Toque de sirenas y abrazo simb\u00f3lico para celebrar el D\u00eda del bombero voluntario en Calchaqu\u00ed"},"content":{"rendered":"<div class=\"xdj266r x11i5rnm xat24cr x1mh8g0r x1vvkbs x126k92a\">\n<div dir=\"auto\"><span style=\"color: #0000ff;\"><strong>El cuerpo activo de la asociaci\u00f3n bomberil convoca a la comunidad a sumarse a la ornamentaci\u00f3n de las fachadas con cintas o globos de colores rojo, amarillo y naranja. Adem\u00e1s este domingo a las 8 horas habr\u00e1 un toque de sirena.<\/strong><\/span><\/div>\n<div dir=\"auto\"><img loading=\"lazy\" class=\"aligncenter size-large wp-image-5800\" src=\"http:\/\/www.revistarescatados.com.ar\/web\/wp-content\/uploads\/2019\/07\/Cuartel-de-bomberos-voluntarios-de-calchaqui-1024x641.jpg\" alt=\"\" width=\"1024\" height=\"641\" srcset=\"https:\/\/www.revistarescatados.com.ar\/web\/wp-content\/uploads\/2019\/07\/Cuartel-de-bomberos-voluntarios-de-calchaqui-1024x641.jpg 1024w, https:\/\/www.revistarescatados.com.ar\/web\/wp-content\/uploads\/2019\/07\/Cuartel-de-bomberos-voluntarios-de-calchaqui-300x188.jpg 300w, https:\/\/www.revistarescatados.com.ar\/web\/wp-content\/uploads\/2019\/07\/Cuartel-de-bomberos-voluntarios-de-calchaqui-768x481.jpg 768w, https:\/\/www.revistarescatados.com.ar\/web\/wp-content\/uploads\/2019\/07\/Cuartel-de-bomberos-voluntarios-de-calchaqui.jpg 1037w\" sizes=\"(max-width: 1024px) 100vw, 1024px\" \/><\/div>\n<\/div>\n<div class=\"x11i5rnm xat24cr x1mh8g0r x1vvkbs xtlvy1s x126k92a\">\n<div dir=\"auto\">El cuartel local invita a la comunidad a sumarse este domingo al abrazo simb\u00f3lico, con la ornamentaci\u00f3n del frente del cada hogar o sum\u00e1ndose a la decoraci\u00f3n del cuartel.<\/div>\n<\/div>\n<div dir=\"auto\"><\/div>\n<div dir=\"auto\"><\/div>\n<div class=\"x11i5rnm xat24cr x1mh8g0r x1vvkbs xtlvy1s x126k92a\">\n<div dir=\"auto\">Adem\u00e1s este domingo 02 de junio a las 08:00 hs y durante un minuto, se realizar\u00e1 un Toque de Sirena en los cuarteles de Bomberos Voluntarios de todo el pa\u00eds como parte de los festejos por el D\u00eda Nacional del Bombero Voluntario.<\/div>\n<\/div>\n<div dir=\"auto\"><\/div>\n<div class=\"x11i5rnm xat24cr x1mh8g0r x1vvkbs xtlvy1s x126k92a\">\n<div dir=\"auto\">Esta vez las sirenas no van a sonar por una emergencia sino en homenaje y agradecimiento a los m\u00e1s de 58 mil varones y mujeres de la Argentina que con abnegaci\u00f3n, sacrificio y desinter\u00e9s brindan el servicio de primera respuesta y ponen en riesgo sus vidas para salvar las vidas y los bienes de la comunidad de manera voluntaria y profesional.<\/div>\n<div dir=\"auto\"><\/div>\n<div dir=\"auto\"><\/div>\n<\/div>\n<div class=\"x11i5rnm xat24cr x1mh8g0r x1vvkbs xtlvy1s x126k92a\">\n<div dir=\"auto\">El Sistema Nacional de Bomberos Voluntarios cumple ese d\u00eda nada m\u00e1s ni nada menos que 140 a\u00f1os de vida ya que la fecha tambi\u00e9n conmemora la fundaci\u00f3n del primer cuartel del pa\u00eds: Bomberos Voluntarios de La Boca de la Ciudad de Buenos Aires.<\/div>\n<\/div>\n","protected":false},"excerpt":{"rendered":"<p>El cuerpo activo de la asociaci\u00f3n bomberil convoca a la comunidad a sumarse a la ornamentaci\u00f3n de las fachadas con cintas o globos de colores rojo, amarillo y naranja. Adem\u00e1s este domingo&#46;&#46;&#46;<\/p>\n","protected":false},"author":1,"featured_media":5800,"comment_status":"closed","ping_status":"closed","sticky":false,"template":"","format":"standard","meta":[],"categories":[2,3,16,10,8],"tags":[],"_links":{"self":[{"href":"https:\/\/www.revistarescatados.com.ar\/web\/wp-json\/wp\/v2\/posts\/21894"}],"collection":[{"href":"https:\/\/www.revistarescatados.com.ar\/web\/wp-json\/wp\/v2\/posts"}],"about":[{"href":"https:\/\/www.revistarescatados.com.ar\/web\/wp-json\/wp\/v2\/types\/post"}],"author":[{"embeddable":true,"href":"https:\/\/www.revistarescatados.com.ar\/web\/wp-json\/wp\/v2\/users\/1"}],"replies":[{"embeddable":true,"href":"https:\/\/www.revistarescatados.com.ar\/web\/wp-json\/wp\/v2\/comments?post=21894"}],"version-history":[{"count":2,"href":"https:\/\/www.revistarescatados.com.ar\/web\/wp-json\/wp\/v2\/posts\/21894\/revisions"}],"predecessor-version":[{"id":21896,"href":"https:\/\/www.revistarescatados.com.ar\/web\/wp-json\/wp\/v2\/posts\/21894\/revisions\/21896"}],"wp:featuredmedia":[{"embeddable":true,"href":"https:\/\/www.revistarescatados.com.ar\/web\/wp-json\/wp\/v2\/media\/5800"}],"wp:attachment":[{"href":"https:\/\/www.revistarescatados.com.ar\/web\/wp-json\/wp\/v2\/media?parent=21894"}],"wp:term":[{"taxonomy":"category","embeddable":true,"href":"https:\/\/www.revistarescatados.com.ar\/web\/wp-json\/wp\/v2\/categories?post=21894"},{"taxonomy":"post_tag","embeddable":true,"href":"https:\/\/www.revistarescatados.com.ar\/web\/wp-json\/wp\/v2\/tags?post=21894"}],"curies":[{"name":"wp","href":"https:\/\/api.w.org\/{rel}","templated":true}]}}