{"id":21897,"date":"2024-05-30T15:13:12","date_gmt":"2024-05-30T18:13:12","guid":{"rendered":"https:\/\/www.revistarescatados.com.ar\/web\/?p=21897"},"modified":"2024-05-30T15:13:12","modified_gmt":"2024-05-30T18:13:12","slug":"el-ministro-de-trabajo-de-santa-fe-visito-las-empresas-presisso-y-bazan-muebles-en-calchaqui","status":"publish","type":"post","link":"https:\/\/www.revistarescatados.com.ar\/web\/2024\/05\/30\/el-ministro-de-trabajo-de-santa-fe-visito-las-empresas-presisso-y-bazan-muebles-en-calchaqui\/","title":{"rendered":"\u00a0El ministro de trabajo de Santa Fe visit\u00f3 las empresas \u00a0Presisso\u00a0 y Baz\u00e1n Muebles en Calchaqu\u00ed"},"content":{"rendered":"<p>&nbsp;<\/p>\n<p><span style=\"color: #0000ff;\"><strong>\u00a0El Ministro de Trabajo, Ronald B\u00e1scolo, acompa\u00f1ado de la subsecretaria de vinculaci\u00f3n territorial Juliana Caillat y la presidente del HCM Mirna Paul\u00f3n\u00a0 visit\u00f3\u00a0 dos emblem\u00e1ticas f\u00e1bricas de muebles de nuestra\u00a0 ciudad. Fue una jornada dedicada al fomento del empleo y el desarrollo industrial\u00a0 y pudo conocer de cerca el funcionamiento de dos destacadas empresas locales.<\/strong><\/span><\/p>\n<p><img loading=\"lazy\" class=\"aligncenter size-full wp-image-21900\" src=\"http:\/\/www.revistarescatados.com.ar\/web\/wp-content\/uploads\/2024\/05\/Ministro-de-trabajo-en-Pressiso.jpg\" alt=\"\" width=\"832\" height=\"624\" srcset=\"https:\/\/www.revistarescatados.com.ar\/web\/wp-content\/uploads\/2024\/05\/Ministro-de-trabajo-en-Pressiso.jpg 832w, https:\/\/www.revistarescatados.com.ar\/web\/wp-content\/uploads\/2024\/05\/Ministro-de-trabajo-en-Pressiso-300x225.jpg 300w, https:\/\/www.revistarescatados.com.ar\/web\/wp-content\/uploads\/2024\/05\/Ministro-de-trabajo-en-Pressiso-768x576.jpg 768w\" sizes=\"(max-width: 832px) 100vw, 832px\" \/><\/p>\n<p>El recorrido \u00a0incluy\u00f3 este lunes 27 de mayo una detallada visita a las instalaciones de ambas empresas, donde pudo observar el proceso de producci\u00f3n y dialogar con los trabajadores y directivos. Durante su visita,\u00a0 resalt\u00f3 la importancia de la industria del mueble en la econom\u00eda regional y su potencial para generar empleo de calidad.<\/p>\n<p>&nbsp;<\/p>\n<p>En Presisso, B\u00e1scolo\u00a0 fue recibido por Ricardo Perell\u00f3 (titular de la firma), quien le mostr\u00f3 las innovaciones en dise\u00f1o y tecnolog\u00eda que la empresa ha implementado recientemente. La conversaci\u00f3n se centr\u00f3 en las estrategias para mejorar la competitividad y en las oportunidades que ofrece la Provincia con los programas para generar empleo.<\/p>\n<p><img loading=\"lazy\" class=\"aligncenter size-large wp-image-21899\" src=\"http:\/\/www.revistarescatados.com.ar\/web\/wp-content\/uploads\/2024\/05\/Ministro-de-trabajo-en-Bazan-Muebles-1024x768.jpg\" alt=\"\" width=\"1024\" height=\"768\" srcset=\"https:\/\/www.revistarescatados.com.ar\/web\/wp-content\/uploads\/2024\/05\/Ministro-de-trabajo-en-Bazan-Muebles-1024x768.jpg 1024w, https:\/\/www.revistarescatados.com.ar\/web\/wp-content\/uploads\/2024\/05\/Ministro-de-trabajo-en-Bazan-Muebles-300x225.jpg 300w, https:\/\/www.revistarescatados.com.ar\/web\/wp-content\/uploads\/2024\/05\/Ministro-de-trabajo-en-Bazan-Muebles-768x576.jpg 768w, https:\/\/www.revistarescatados.com.ar\/web\/wp-content\/uploads\/2024\/05\/Ministro-de-trabajo-en-Bazan-Muebles.jpg 1248w\" sizes=\"(max-width: 1024px) 100vw, 1024px\" \/><\/p>\n<p>Posteriormente, \u00a0el Ministro se traslad\u00f3 a Baz\u00e1n Muebles, donde fue recibido por su due\u00f1o, \u00a0Enrique Baz\u00e1n. All\u00ed, \u00a0pudo apreciar el trabajo artesanal y el compromiso con la sostenibilidad ambiental que caracteriza a la empresa.<\/p>\n<p>&nbsp;<\/p>\n<p><strong>\u201cEs fundamental apoyar a las empresas locales que est\u00e1n comprometidas con la creaci\u00f3n de empleo y la innovaci\u00f3n. La industria del mueble en Calchaqu\u00ed no solo es un motor econ\u00f3mico, sino tambi\u00e9n un ejemplo de c\u00f3mo el trabajo artesanal y la tecnolog\u00eda pueden coexistir de manera exitosa\u201d, <\/strong>declar\u00f3 B\u00e1scolo.<\/p>\n<p>La visita del Ministro de Trabajo a Calchaqu\u00ed <strong>reafirma el compromiso del gobierno con el desarrollo econ\u00f3mico regional y el apoyo a las empresas locales que contribuyen al progreso y bienestar de la comunidad.<\/strong><\/p>\n","protected":false},"excerpt":{"rendered":"<p>&nbsp; \u00a0El Ministro de Trabajo, Ronald B\u00e1scolo, acompa\u00f1ado de la subsecretaria de vinculaci\u00f3n territorial Juliana Caillat y la presidente del HCM Mirna Paul\u00f3n\u00a0 visit\u00f3\u00a0 dos emblem\u00e1ticas f\u00e1bricas de muebles de nuestra\u00a0 ciudad.&#46;&#46;&#46;<\/p>\n","protected":false},"author":1,"featured_media":21899,"comment_status":"closed","ping_status":"closed","sticky":false,"template":"","format":"standard","meta":[],"categories":[2,3,16,10,8],"tags":[],"_links":{"self":[{"href":"https:\/\/www.revistarescatados.com.ar\/web\/wp-json\/wp\/v2\/posts\/21897"}],"collection":[{"href":"https:\/\/www.revistarescatados.com.ar\/web\/wp-json\/wp\/v2\/posts"}],"about":[{"href":"https:\/\/www.revistarescatados.com.ar\/web\/wp-json\/wp\/v2\/types\/post"}],"author":[{"embeddable":true,"href":"https:\/\/www.revistarescatados.com.ar\/web\/wp-json\/wp\/v2\/users\/1"}],"replies":[{"embeddable":true,"href":"https:\/\/www.revistarescatados.com.ar\/web\/wp-json\/wp\/v2\/comments?post=21897"}],"version-history":[{"count":1,"href":"https:\/\/www.revistarescatados.com.ar\/web\/wp-json\/wp\/v2\/posts\/21897\/revisions"}],"predecessor-version":[{"id":21901,"href":"https:\/\/www.revistarescatados.com.ar\/web\/wp-json\/wp\/v2\/posts\/21897\/revisions\/21901"}],"wp:featuredmedia":[{"embeddable":true,"href":"https:\/\/www.revistarescatados.com.ar\/web\/wp-json\/wp\/v2\/media\/21899"}],"wp:attachment":[{"href":"https:\/\/www.revistarescatados.com.ar\/web\/wp-json\/wp\/v2\/media?parent=21897"}],"wp:term":[{"taxonomy":"category","embeddable":true,"href":"https:\/\/www.revistarescatados.com.ar\/web\/wp-json\/wp\/v2\/categories?post=21897"},{"taxonomy":"post_tag","embeddable":true,"href":"https:\/\/www.revistarescatados.com.ar\/web\/wp-json\/wp\/v2\/tags?post=21897"}],"curies":[{"name":"wp","href":"https:\/\/api.w.org\/{rel}","templated":true}]}}