{"id":21921,"date":"2024-05-31T22:22:37","date_gmt":"2024-06-01T01:22:37","guid":{"rendered":"https:\/\/www.revistarescatados.com.ar\/web\/?p=21921"},"modified":"2024-05-31T22:22:37","modified_gmt":"2024-06-01T01:22:37","slug":"jardines-de-infantes-festejaron-su-dia-en-calchaqui","status":"publish","type":"post","link":"https:\/\/www.revistarescatados.com.ar\/web\/2024\/05\/31\/jardines-de-infantes-festejaron-su-dia-en-calchaqui\/","title":{"rendered":"Jardines de infantes festejaron su d\u00eda en Calchaqu\u00ed"},"content":{"rendered":"<p><span style=\"color: #0000ff;\"><strong>Las tres instituciones de nivel inicial de la ciudad se unieron este viernes para marchar por el bvard Belgrano, desde el anfiteatro municipal y hasta la plaza 25 de mayo. Alumnos, docentes y familias celebraron el d\u00eda de los jardines y de las maestras jardineras.<\/strong><\/span><\/p>\n<p><img loading=\"lazy\" class=\"aligncenter size-large wp-image-21922\" src=\"http:\/\/www.revistarescatados.com.ar\/web\/wp-content\/uploads\/2024\/05\/Fiesta-de-los-jardines-1024x683.jpg\" alt=\"\" width=\"1024\" height=\"683\" srcset=\"https:\/\/www.revistarescatados.com.ar\/web\/wp-content\/uploads\/2024\/05\/Fiesta-de-los-jardines-1024x683.jpg 1024w, https:\/\/www.revistarescatados.com.ar\/web\/wp-content\/uploads\/2024\/05\/Fiesta-de-los-jardines-300x200.jpg 300w, https:\/\/www.revistarescatados.com.ar\/web\/wp-content\/uploads\/2024\/05\/Fiesta-de-los-jardines-768x512.jpg 768w, https:\/\/www.revistarescatados.com.ar\/web\/wp-content\/uploads\/2024\/05\/Fiesta-de-los-jardines-1536x1024.jpg 1536w, https:\/\/www.revistarescatados.com.ar\/web\/wp-content\/uploads\/2024\/05\/Fiesta-de-los-jardines.jpg 1620w\" sizes=\"(max-width: 1024px) 100vw, 1024px\" \/><\/p>\n<p>La batucada de los murgueros y los colores de los peque\u00f1os alumnos del JIN N| 8060 &#8220;Gabriela Mistral&#8221;, el JIN N\u00b0 360 del barrio Guadalupe y el JIN del Colegio Ntra Sra. de Guadalupe &#8211; junto a sus familias y docentes &#8211; se hicieron sentir en la ma\u00f1ana del viernes 31 de mayo.<\/p>\n<p>Los Jardines de Infantes de nuestra ciudad participaron con mucho entusiasmo de la celebraci\u00f3n por haber sido el 28 de este mes su d\u00eda, en honor a Rosario Vera Pe\u00f1aloza.<\/p>\n<p>El D\u00eda de los jardines de infantes y de la Maestra Jardinera se celebra cada 28 de mayo en memoria de Rosario Vera Pe\u00f1aloza, quien falleciera un 28 de mayo de 1950. La educadora y pedagoga nacida en La Rioja fund\u00f3 el primer jard\u00edn de infantes argentino, instituciones que hasta el d\u00eda de hoy forman parte del primer nivel del sistema educativo.<\/p>\n<p>Vera Pe\u00f1aloza, quien fue conocida como la Maestra de la Patria, naci\u00f3 el 25 de diciembre de 1873 en el pueblo de Atiles, La Rioja. Dedic\u00f3 su vida a la ense\u00f1anza y dej\u00f3 una huella imborrable en la Educaci\u00f3n del pa\u00eds. Finalmente falleci\u00f3 el 28 de mayo de 1950, fecha que se tom\u00f3 para esta celebraci\u00f3n y que fue institucionalizada formalmente el 15 de septiembre de 1971.<\/p>\n","protected":false},"excerpt":{"rendered":"<p>Las tres instituciones de nivel inicial de la ciudad se unieron este viernes para marchar por el bvard Belgrano, desde el anfiteatro municipal y hasta la plaza 25 de mayo. Alumnos, docentes&#46;&#46;&#46;<\/p>\n","protected":false},"author":1,"featured_media":21922,"comment_status":"closed","ping_status":"closed","sticky":false,"template":"","format":"standard","meta":[],"categories":[2,7,3,16,8],"tags":[],"_links":{"self":[{"href":"https:\/\/www.revistarescatados.com.ar\/web\/wp-json\/wp\/v2\/posts\/21921"}],"collection":[{"href":"https:\/\/www.revistarescatados.com.ar\/web\/wp-json\/wp\/v2\/posts"}],"about":[{"href":"https:\/\/www.revistarescatados.com.ar\/web\/wp-json\/wp\/v2\/types\/post"}],"author":[{"embeddable":true,"href":"https:\/\/www.revistarescatados.com.ar\/web\/wp-json\/wp\/v2\/users\/1"}],"replies":[{"embeddable":true,"href":"https:\/\/www.revistarescatados.com.ar\/web\/wp-json\/wp\/v2\/comments?post=21921"}],"version-history":[{"count":1,"href":"https:\/\/www.revistarescatados.com.ar\/web\/wp-json\/wp\/v2\/posts\/21921\/revisions"}],"predecessor-version":[{"id":21923,"href":"https:\/\/www.revistarescatados.com.ar\/web\/wp-json\/wp\/v2\/posts\/21921\/revisions\/21923"}],"wp:featuredmedia":[{"embeddable":true,"href":"https:\/\/www.revistarescatados.com.ar\/web\/wp-json\/wp\/v2\/media\/21922"}],"wp:attachment":[{"href":"https:\/\/www.revistarescatados.com.ar\/web\/wp-json\/wp\/v2\/media?parent=21921"}],"wp:term":[{"taxonomy":"category","embeddable":true,"href":"https:\/\/www.revistarescatados.com.ar\/web\/wp-json\/wp\/v2\/categories?post=21921"},{"taxonomy":"post_tag","embeddable":true,"href":"https:\/\/www.revistarescatados.com.ar\/web\/wp-json\/wp\/v2\/tags?post=21921"}],"curies":[{"name":"wp","href":"https:\/\/api.w.org\/{rel}","templated":true}]}}