{"id":21924,"date":"2024-05-31T22:34:40","date_gmt":"2024-06-01T01:34:40","guid":{"rendered":"https:\/\/www.revistarescatados.com.ar\/web\/?p=21924"},"modified":"2024-05-31T22:44:54","modified_gmt":"2024-06-01T01:44:54","slug":"bomberos-voluntarios-de-calchaqui-celebraran-su-dia-con-caravana-y-actividades-en-el-parque-prensa","status":"publish","type":"post","link":"https:\/\/www.revistarescatados.com.ar\/web\/2024\/05\/31\/bomberos-voluntarios-de-calchaqui-celebraran-su-dia-con-caravana-y-actividades-en-el-parque-prensa\/","title":{"rendered":"Bomberos voluntarios de Calchaqu\u00ed celebrar\u00e1n su d\u00eda con caravana y actividades en el Parque Prensa"},"content":{"rendered":"<p><span style=\"color: #0000ff;\"><strong>Ser\u00e1 este domingo 2 de junio, de 14 a 17 horas, con una caravana de unidades por las calles de la ciudad. Adem\u00e1s habr\u00e1 juegos para ni\u00f1os y exhibici\u00f3n de herramientas en el Parque Prensa &#8220;H\u00e9ctor Manuel Morglia&#8221;. El acto ser\u00e1 el lunes 3 a las 10:30 horas frente al cuartel.<\/strong><\/span><\/p>\n<p><img loading=\"lazy\" class=\"aligncenter size-full wp-image-21925\" src=\"http:\/\/www.revistarescatados.com.ar\/web\/wp-content\/uploads\/2024\/05\/bomberos.jpg\" alt=\"\" width=\"792\" height=\"648\" srcset=\"https:\/\/www.revistarescatados.com.ar\/web\/wp-content\/uploads\/2024\/05\/bomberos.jpg 792w, https:\/\/www.revistarescatados.com.ar\/web\/wp-content\/uploads\/2024\/05\/bomberos-300x245.jpg 300w, https:\/\/www.revistarescatados.com.ar\/web\/wp-content\/uploads\/2024\/05\/bomberos-768x628.jpg 768w\" sizes=\"(max-width: 792px) 100vw, 792px\" \/><\/p>\n<p>La asociaci\u00f3n de bomberos voluntarios de Calchaqu\u00ed invita a la comunidad a sumarse las actividades conmemorativas por el D\u00eda del Bomberos Voluntario, al cumplirse 140 a\u00f1os de la creaci\u00f3n del primer cuerpo activo de bomberos voluntarios en La Boca.<\/p>\n<p>El domingo 2 de junio, en el horario de 14 a 17 horas, con una caravana de unidades por las calles de la ciudad. Adem\u00e1s habr\u00e1 juegos para ni\u00f1os y exhibici\u00f3n de herramientas en el Parque Prensa &#8220;H\u00e9ctor Manuel Morglia&#8221;.<\/p>\n<p>En tanto el lunes 3 de junio a las 10:30 horas, se llevar\u00e1 a cabo el acto frente al cuartel, ubicado en calle 25 de mayo 272, frente a la Plaza 25 de mayo.<\/p>\n","protected":false},"excerpt":{"rendered":"<p>Ser\u00e1 este domingo 2 de junio, de 14 a 17 horas, con una caravana de unidades por las calles de la ciudad. Adem\u00e1s habr\u00e1 juegos para ni\u00f1os y exhibici\u00f3n de herramientas en&#46;&#46;&#46;<\/p>\n","protected":false},"author":1,"featured_media":21925,"comment_status":"closed","ping_status":"closed","sticky":false,"template":"","format":"standard","meta":[],"categories":[2,7,3,16,10],"tags":[],"_links":{"self":[{"href":"https:\/\/www.revistarescatados.com.ar\/web\/wp-json\/wp\/v2\/posts\/21924"}],"collection":[{"href":"https:\/\/www.revistarescatados.com.ar\/web\/wp-json\/wp\/v2\/posts"}],"about":[{"href":"https:\/\/www.revistarescatados.com.ar\/web\/wp-json\/wp\/v2\/types\/post"}],"author":[{"embeddable":true,"href":"https:\/\/www.revistarescatados.com.ar\/web\/wp-json\/wp\/v2\/users\/1"}],"replies":[{"embeddable":true,"href":"https:\/\/www.revistarescatados.com.ar\/web\/wp-json\/wp\/v2\/comments?post=21924"}],"version-history":[{"count":1,"href":"https:\/\/www.revistarescatados.com.ar\/web\/wp-json\/wp\/v2\/posts\/21924\/revisions"}],"predecessor-version":[{"id":21926,"href":"https:\/\/www.revistarescatados.com.ar\/web\/wp-json\/wp\/v2\/posts\/21924\/revisions\/21926"}],"wp:featuredmedia":[{"embeddable":true,"href":"https:\/\/www.revistarescatados.com.ar\/web\/wp-json\/wp\/v2\/media\/21925"}],"wp:attachment":[{"href":"https:\/\/www.revistarescatados.com.ar\/web\/wp-json\/wp\/v2\/media?parent=21924"}],"wp:term":[{"taxonomy":"category","embeddable":true,"href":"https:\/\/www.revistarescatados.com.ar\/web\/wp-json\/wp\/v2\/categories?post=21924"},{"taxonomy":"post_tag","embeddable":true,"href":"https:\/\/www.revistarescatados.com.ar\/web\/wp-json\/wp\/v2\/tags?post=21924"}],"curies":[{"name":"wp","href":"https:\/\/api.w.org\/{rel}","templated":true}]}}