{"id":2203,"date":"2018-10-04T22:05:09","date_gmt":"2018-10-05T01:05:09","guid":{"rendered":"http:\/\/www.revistarescatados.com.ar\/web\/?p=2203"},"modified":"2018-10-04T22:05:09","modified_gmt":"2018-10-05T01:05:09","slug":"anuncian-interrupcion-del-servicio-electrico-en-calchaqui","status":"publish","type":"post","link":"https:\/\/www.revistarescatados.com.ar\/web\/2018\/10\/04\/anuncian-interrupcion-del-servicio-electrico-en-calchaqui\/","title":{"rendered":"Anuncian interrupci\u00f3n del servicio el\u00e9ctrico en Calchaqu\u00ed"},"content":{"rendered":"<p><img loading=\"lazy\" class=\"aligncenter size-full wp-image-2204\" src=\"http:\/\/www.revistarescatados.com.ar\/web\/wp-content\/uploads\/2018\/10\/Luz-apagada.jpg\" alt=\"\" width=\"852\" height=\"480\" srcset=\"https:\/\/www.revistarescatados.com.ar\/web\/wp-content\/uploads\/2018\/10\/Luz-apagada.jpg 852w, https:\/\/www.revistarescatados.com.ar\/web\/wp-content\/uploads\/2018\/10\/Luz-apagada-300x169.jpg 300w, https:\/\/www.revistarescatados.com.ar\/web\/wp-content\/uploads\/2018\/10\/Luz-apagada-768x433.jpg 768w\" sizes=\"(max-width: 852px) 100vw, 852px\" \/><\/p>\n<p><span style=\"color: #0000ff;\"><strong>Tendr\u00e1 lugar este viernes 5 de octubre, en el horario de 13 a 15 horas, inform\u00f3 la sucursal local de prestataria provincial de la energ\u00eda.<\/strong><\/span><\/p>\n<p>La Empresa Provincial de la Energ\u00eda comunica:<\/p>\n<p>Que el dia viernes 05\/10\/2018 se realizara un corte de energia en la ciudad de Calchaqu\u00ed por trabajos de mantenimiento en la estaci\u00f3n transformadora.<\/p>\n<p>Dicho corte estar\u00e1 comprendido desde las 13 hs hasta las 15 hs.<\/p>\n<p>Sepa disculpar las molestias ocasionadas, estamos trabajando para un mejor servicio. En caso de lluvia se suspender\u00e1 hasta nuevo aviso. La empresa se reserva el derecho de reestablecer el servicio antes del horario mencionado.<\/p>\n<p>Fuente: FM 99.9<\/p>\n","protected":false},"excerpt":{"rendered":"<p>Tendr\u00e1 lugar este viernes 5 de octubre, en el horario de 13 a 15 horas, inform\u00f3 la sucursal local de prestataria provincial de la energ\u00eda. La Empresa Provincial de la Energ\u00eda comunica:&#46;&#46;&#46;<\/p>\n","protected":false},"author":1,"featured_media":2204,"comment_status":"closed","ping_status":"open","sticky":false,"template":"","format":"standard","meta":[],"categories":[2,3,16,8],"tags":[],"_links":{"self":[{"href":"https:\/\/www.revistarescatados.com.ar\/web\/wp-json\/wp\/v2\/posts\/2203"}],"collection":[{"href":"https:\/\/www.revistarescatados.com.ar\/web\/wp-json\/wp\/v2\/posts"}],"about":[{"href":"https:\/\/www.revistarescatados.com.ar\/web\/wp-json\/wp\/v2\/types\/post"}],"author":[{"embeddable":true,"href":"https:\/\/www.revistarescatados.com.ar\/web\/wp-json\/wp\/v2\/users\/1"}],"replies":[{"embeddable":true,"href":"https:\/\/www.revistarescatados.com.ar\/web\/wp-json\/wp\/v2\/comments?post=2203"}],"version-history":[{"count":1,"href":"https:\/\/www.revistarescatados.com.ar\/web\/wp-json\/wp\/v2\/posts\/2203\/revisions"}],"predecessor-version":[{"id":2205,"href":"https:\/\/www.revistarescatados.com.ar\/web\/wp-json\/wp\/v2\/posts\/2203\/revisions\/2205"}],"wp:featuredmedia":[{"embeddable":true,"href":"https:\/\/www.revistarescatados.com.ar\/web\/wp-json\/wp\/v2\/media\/2204"}],"wp:attachment":[{"href":"https:\/\/www.revistarescatados.com.ar\/web\/wp-json\/wp\/v2\/media?parent=2203"}],"wp:term":[{"taxonomy":"category","embeddable":true,"href":"https:\/\/www.revistarescatados.com.ar\/web\/wp-json\/wp\/v2\/categories?post=2203"},{"taxonomy":"post_tag","embeddable":true,"href":"https:\/\/www.revistarescatados.com.ar\/web\/wp-json\/wp\/v2\/tags?post=2203"}],"curies":[{"name":"wp","href":"https:\/\/api.w.org\/{rel}","templated":true}]}}