{"id":2206,"date":"2018-10-04T23:00:44","date_gmt":"2018-10-05T02:00:44","guid":{"rendered":"http:\/\/www.revistarescatados.com.ar\/web\/?p=2206"},"modified":"2018-10-04T23:00:59","modified_gmt":"2018-10-05T02:00:59","slug":"bruno-amione-fue-defensor-titular-en-el-debut-de-la-seleccion-nacional-en-mexico","status":"publish","type":"post","link":"https:\/\/www.revistarescatados.com.ar\/web\/2018\/10\/04\/bruno-amione-fue-defensor-titular-en-el-debut-de-la-seleccion-nacional-en-mexico\/","title":{"rendered":"Bruno Amione fue defensor titular en el debut victorioso de la selecci\u00f3n nacional en M\u00e9xico"},"content":{"rendered":"<p><img loading=\"lazy\" class=\"aligncenter size-full wp-image-2207\" src=\"http:\/\/www.revistarescatados.com.ar\/web\/wp-content\/uploads\/2018\/10\/Bruno-Amione.jpg\" alt=\"\" width=\"1195\" height=\"1200\" srcset=\"https:\/\/www.revistarescatados.com.ar\/web\/wp-content\/uploads\/2018\/10\/Bruno-Amione.jpg 1195w, https:\/\/www.revistarescatados.com.ar\/web\/wp-content\/uploads\/2018\/10\/Bruno-Amione-150x150.jpg 150w, https:\/\/www.revistarescatados.com.ar\/web\/wp-content\/uploads\/2018\/10\/Bruno-Amione-300x300.jpg 300w, https:\/\/www.revistarescatados.com.ar\/web\/wp-content\/uploads\/2018\/10\/Bruno-Amione-768x771.jpg 768w, https:\/\/www.revistarescatados.com.ar\/web\/wp-content\/uploads\/2018\/10\/Bruno-Amione-1020x1024.jpg 1020w, https:\/\/www.revistarescatados.com.ar\/web\/wp-content\/uploads\/2018\/10\/Bruno-Amione-160x160.jpg 160w, https:\/\/www.revistarescatados.com.ar\/web\/wp-content\/uploads\/2018\/10\/Bruno-Amione-320x320.jpg 320w\" sizes=\"(max-width: 1195px) 100vw, 1195px\" \/><\/p>\n<p><span style=\"color: #0000ff;\"><strong>El juvenil oriundo de Calchaqu\u00ed participa del Torneo Cuatro Naciones con la selecci\u00f3n sub17, que venci\u00f3 a Estados Unidos por 2 a 1. Ma\u00f1ana enfrenta a Chile.<\/strong><\/span><\/p>\n<p>El defensor de Belgrano participa junto al seleccionado de Pablo Aimar del Torneo Cuatro Naciones que disputan M\u00e9xico, Chile y Estados Unidos.<\/p>\n<p>La Selecci\u00f3n Sub 17 derrot\u00f3 a Estados Unidos por 2 a 1, en la primera fecha del Torneo Cuatro Naciones que se juega en la Ciudad de M\u00e9xico.<\/p>\n<p><img loading=\"lazy\" class=\"aligncenter size-full wp-image-2209\" src=\"http:\/\/www.revistarescatados.com.ar\/web\/wp-content\/uploads\/2018\/10\/Bruno-Amione-1.jpg\" alt=\"\" width=\"900\" height=\"1200\" srcset=\"https:\/\/www.revistarescatados.com.ar\/web\/wp-content\/uploads\/2018\/10\/Bruno-Amione-1.jpg 900w, https:\/\/www.revistarescatados.com.ar\/web\/wp-content\/uploads\/2018\/10\/Bruno-Amione-1-225x300.jpg 225w, https:\/\/www.revistarescatados.com.ar\/web\/wp-content\/uploads\/2018\/10\/Bruno-Amione-1-768x1024.jpg 768w\" sizes=\"(max-width: 900px) 100vw, 900px\" \/><\/p>\n<p>Inici\u00f3 una nueva justa internacional para la Selecci\u00f3n Argentina Sub 17. Y el primer partido fue exitoso para la Albiceleste, que con goles de Mat\u00edas Godoy (24&#8242; del primer tiempo) y Mat\u00edas Palacios (22&#8242; del segundo tiempo) se impuso por 2 a 1 frente a Estados Unidos.<\/p>\n<p>El pr\u00f3ximo cotejo para la Selecci\u00f3n Sub 17 ser\u00e1 ma\u00f1ana, desde las 14 (12 hs en M\u00e9xico), frente a Chile, que hoy cay\u00f3 1-3 frente al elenco local. El domingo 7 cerrar\u00e1 su participaci\u00f3n ante M\u00e9xico.<\/p>\n<p><img loading=\"lazy\" class=\"aligncenter size-full wp-image-2208\" src=\"http:\/\/www.revistarescatados.com.ar\/web\/wp-content\/uploads\/2018\/10\/s17.jpg\" alt=\"\" width=\"1200\" height=\"1200\" srcset=\"https:\/\/www.revistarescatados.com.ar\/web\/wp-content\/uploads\/2018\/10\/s17.jpg 1200w, https:\/\/www.revistarescatados.com.ar\/web\/wp-content\/uploads\/2018\/10\/s17-150x150.jpg 150w, https:\/\/www.revistarescatados.com.ar\/web\/wp-content\/uploads\/2018\/10\/s17-300x300.jpg 300w, https:\/\/www.revistarescatados.com.ar\/web\/wp-content\/uploads\/2018\/10\/s17-768x768.jpg 768w, https:\/\/www.revistarescatados.com.ar\/web\/wp-content\/uploads\/2018\/10\/s17-1024x1024.jpg 1024w, https:\/\/www.revistarescatados.com.ar\/web\/wp-content\/uploads\/2018\/10\/s17-160x160.jpg 160w, https:\/\/www.revistarescatados.com.ar\/web\/wp-content\/uploads\/2018\/10\/s17-320x320.jpg 320w\" sizes=\"(max-width: 1200px) 100vw, 1200px\" \/><\/p>\n","protected":false},"excerpt":{"rendered":"<p>El juvenil oriundo de Calchaqu\u00ed participa del Torneo Cuatro Naciones con la selecci\u00f3n sub17, que venci\u00f3 a Estados Unidos por 2 a 1. Ma\u00f1ana enfrenta a Chile. El defensor de Belgrano participa&#46;&#46;&#46;<\/p>\n","protected":false},"author":1,"featured_media":2207,"comment_status":"closed","ping_status":"open","sticky":false,"template":"","format":"standard","meta":[],"categories":[2,3,17,16],"tags":[],"_links":{"self":[{"href":"https:\/\/www.revistarescatados.com.ar\/web\/wp-json\/wp\/v2\/posts\/2206"}],"collection":[{"href":"https:\/\/www.revistarescatados.com.ar\/web\/wp-json\/wp\/v2\/posts"}],"about":[{"href":"https:\/\/www.revistarescatados.com.ar\/web\/wp-json\/wp\/v2\/types\/post"}],"author":[{"embeddable":true,"href":"https:\/\/www.revistarescatados.com.ar\/web\/wp-json\/wp\/v2\/users\/1"}],"replies":[{"embeddable":true,"href":"https:\/\/www.revistarescatados.com.ar\/web\/wp-json\/wp\/v2\/comments?post=2206"}],"version-history":[{"count":2,"href":"https:\/\/www.revistarescatados.com.ar\/web\/wp-json\/wp\/v2\/posts\/2206\/revisions"}],"predecessor-version":[{"id":2211,"href":"https:\/\/www.revistarescatados.com.ar\/web\/wp-json\/wp\/v2\/posts\/2206\/revisions\/2211"}],"wp:featuredmedia":[{"embeddable":true,"href":"https:\/\/www.revistarescatados.com.ar\/web\/wp-json\/wp\/v2\/media\/2207"}],"wp:attachment":[{"href":"https:\/\/www.revistarescatados.com.ar\/web\/wp-json\/wp\/v2\/media?parent=2206"}],"wp:term":[{"taxonomy":"category","embeddable":true,"href":"https:\/\/www.revistarescatados.com.ar\/web\/wp-json\/wp\/v2\/categories?post=2206"},{"taxonomy":"post_tag","embeddable":true,"href":"https:\/\/www.revistarescatados.com.ar\/web\/wp-json\/wp\/v2\/tags?post=2206"}],"curies":[{"name":"wp","href":"https:\/\/api.w.org\/{rel}","templated":true}]}}