{"id":22088,"date":"2024-06-27T21:21:13","date_gmt":"2024-06-28T00:21:13","guid":{"rendered":"https:\/\/www.revistarescatados.com.ar\/web\/?p=22088"},"modified":"2024-06-27T21:22:04","modified_gmt":"2024-06-28T00:22:04","slug":"continuan-los-talleres-sobre-prevencion-del-suicidio-en-calchaqui","status":"publish","type":"post","link":"https:\/\/www.revistarescatados.com.ar\/web\/2024\/06\/27\/continuan-los-talleres-sobre-prevencion-del-suicidio-en-calchaqui\/","title":{"rendered":"Contin\u00faan los talleres  sobre prevenci\u00f3n del suicidio\u00a0en Calchaqu\u00ed"},"content":{"rendered":"<p><span style=\"color: #0000ff;\"><strong>El ciclo de capacitaciones para los estudiantes de escuelas secundarias urbanas y rurales contin\u00faa, a cargo de profesionales del municipio local y secretar\u00eda de ni\u00f1ez. Adem\u00e1s se entreg\u00f3 un aporte para la organizaci\u00f3n del festival de las fiestas patronales.<\/strong><\/span><\/p>\n<p><img loading=\"lazy\" class=\"aligncenter size-full wp-image-22090\" src=\"http:\/\/www.revistarescatados.com.ar\/web\/wp-content\/uploads\/2024\/06\/prevencion-del-suicidio.jpg\" alt=\"\" width=\"963\" height=\"963\" srcset=\"https:\/\/www.revistarescatados.com.ar\/web\/wp-content\/uploads\/2024\/06\/prevencion-del-suicidio.jpg 963w, https:\/\/www.revistarescatados.com.ar\/web\/wp-content\/uploads\/2024\/06\/prevencion-del-suicidio-300x300.jpg 300w, https:\/\/www.revistarescatados.com.ar\/web\/wp-content\/uploads\/2024\/06\/prevencion-del-suicidio-150x150.jpg 150w, https:\/\/www.revistarescatados.com.ar\/web\/wp-content\/uploads\/2024\/06\/prevencion-del-suicidio-768x768.jpg 768w, https:\/\/www.revistarescatados.com.ar\/web\/wp-content\/uploads\/2024\/06\/prevencion-del-suicidio-80x80.jpg 80w, https:\/\/www.revistarescatados.com.ar\/web\/wp-content\/uploads\/2024\/06\/prevencion-del-suicidio-320x320.jpg 320w\" sizes=\"(max-width: 963px) 100vw, 963px\" \/><br \/>\nLos talleres est\u00e1n a cargo de la Secretar\u00eda de Desarrollo Social Municipal y el SENAF (Secretar\u00eda de Ni\u00f1ez, Adolescencia y Familia).<\/p>\n<p>Recordamos que esta propuesta surge de la Mesa Intersectorial de Prevenci\u00f3n del Suicidio y la Promoci\u00f3n de la Salud Mental, integrada por representantes de instituciones locales.<\/p>\n<p><span style=\"color: #0000ff;\"><strong>APOYO A LAS FIESTAS PATRONALES<\/strong><\/span><\/p>\n<p><img loading=\"lazy\" class=\"aligncenter size-full wp-image-22089\" src=\"http:\/\/www.revistarescatados.com.ar\/web\/wp-content\/uploads\/2024\/06\/Carla-y-Pelito.jpg\" alt=\"\" width=\"593\" height=\"395\" srcset=\"https:\/\/www.revistarescatados.com.ar\/web\/wp-content\/uploads\/2024\/06\/Carla-y-Pelito.jpg 593w, https:\/\/www.revistarescatados.com.ar\/web\/wp-content\/uploads\/2024\/06\/Carla-y-Pelito-300x200.jpg 300w\" sizes=\"(max-width: 593px) 100vw, 593px\" \/><br \/>\nLa Secretaria Institucional, Carla Diez, hizo entrega de un aporte econ\u00f3mico para solventar los gastos de sonido del show musical de las Fiestas Patronales, organizado por la Parroquia local, y llevado adelante el fin de semana pasado.<\/p>\n","protected":false},"excerpt":{"rendered":"<p>El ciclo de capacitaciones para los estudiantes de escuelas secundarias urbanas y rurales contin\u00faa, a cargo de profesionales del municipio local y secretar\u00eda de ni\u00f1ez. Adem\u00e1s se entreg\u00f3 un aporte para la&#46;&#46;&#46;<\/p>\n","protected":false},"author":1,"featured_media":22090,"comment_status":"closed","ping_status":"closed","sticky":false,"template":"","format":"standard","meta":[],"categories":[2,3,16,10,8],"tags":[],"_links":{"self":[{"href":"https:\/\/www.revistarescatados.com.ar\/web\/wp-json\/wp\/v2\/posts\/22088"}],"collection":[{"href":"https:\/\/www.revistarescatados.com.ar\/web\/wp-json\/wp\/v2\/posts"}],"about":[{"href":"https:\/\/www.revistarescatados.com.ar\/web\/wp-json\/wp\/v2\/types\/post"}],"author":[{"embeddable":true,"href":"https:\/\/www.revistarescatados.com.ar\/web\/wp-json\/wp\/v2\/users\/1"}],"replies":[{"embeddable":true,"href":"https:\/\/www.revistarescatados.com.ar\/web\/wp-json\/wp\/v2\/comments?post=22088"}],"version-history":[{"count":2,"href":"https:\/\/www.revistarescatados.com.ar\/web\/wp-json\/wp\/v2\/posts\/22088\/revisions"}],"predecessor-version":[{"id":22092,"href":"https:\/\/www.revistarescatados.com.ar\/web\/wp-json\/wp\/v2\/posts\/22088\/revisions\/22092"}],"wp:featuredmedia":[{"embeddable":true,"href":"https:\/\/www.revistarescatados.com.ar\/web\/wp-json\/wp\/v2\/media\/22090"}],"wp:attachment":[{"href":"https:\/\/www.revistarescatados.com.ar\/web\/wp-json\/wp\/v2\/media?parent=22088"}],"wp:term":[{"taxonomy":"category","embeddable":true,"href":"https:\/\/www.revistarescatados.com.ar\/web\/wp-json\/wp\/v2\/categories?post=22088"},{"taxonomy":"post_tag","embeddable":true,"href":"https:\/\/www.revistarescatados.com.ar\/web\/wp-json\/wp\/v2\/tags?post=22088"}],"curies":[{"name":"wp","href":"https:\/\/api.w.org\/{rel}","templated":true}]}}