{"id":22167,"date":"2024-07-04T22:06:52","date_gmt":"2024-07-05T01:06:52","guid":{"rendered":"https:\/\/www.revistarescatados.com.ar\/web\/?p=22167"},"modified":"2024-07-04T22:06:52","modified_gmt":"2024-07-05T01:06:52","slug":"la-reforma-constitucional-ya-esta-en-la-agenda-de-trabajo-de-la-ucr-y-el-socialismo","status":"publish","type":"post","link":"https:\/\/www.revistarescatados.com.ar\/web\/2024\/07\/04\/la-reforma-constitucional-ya-esta-en-la-agenda-de-trabajo-de-la-ucr-y-el-socialismo\/","title":{"rendered":"La reforma constitucional ya est\u00e1 en la agenda de trabajo de la UCR y el socialismo"},"content":{"rendered":"<p><span style=\"color: #0000ff;\"><strong>Las c\u00fapulas santafesinas de ambos partidos tambi\u00e9n analizaron la marcha del gobierno Pullaro y acciones para mejorar el funcionamiento de Unidos, la coalici\u00f3n oficialista que integran. <\/strong><strong>Juliana Caillat particip\u00f3 de la reuni\u00f3n de trabajo en la capital provincial.<\/strong><\/span><\/p>\n<p><img loading=\"lazy\" class=\"aligncenter size-large wp-image-22168\" src=\"http:\/\/www.revistarescatados.com.ar\/web\/wp-content\/uploads\/2024\/07\/UCR-PS-1024x684.jpg\" alt=\"\" width=\"1024\" height=\"684\" srcset=\"https:\/\/www.revistarescatados.com.ar\/web\/wp-content\/uploads\/2024\/07\/UCR-PS-1024x684.jpg 1024w, https:\/\/www.revistarescatados.com.ar\/web\/wp-content\/uploads\/2024\/07\/UCR-PS-300x200.jpg 300w, https:\/\/www.revistarescatados.com.ar\/web\/wp-content\/uploads\/2024\/07\/UCR-PS-768x513.jpg 768w, https:\/\/www.revistarescatados.com.ar\/web\/wp-content\/uploads\/2024\/07\/UCR-PS.jpg 1179w\" sizes=\"(max-width: 1024px) 100vw, 1024px\" \/><\/p>\n<p>Las conducciones del radicalismo y del Partido Socialista (PS) en la provincia se reunieron este mi\u00e9rcoles con el fin de repasar la marcha de la gesti\u00f3n de Maximiliano Pullaro y pensar la hoja de ruta con la que Unidos, la coalici\u00f3n gobernante, encarar\u00e1 un nuevo proceso de reforma de la Constituci\u00f3n de Santa Fe.<\/p>\n<p>El comit\u00e9 provincial de la UCR le abri\u00f3 las puertas a una comitiva socialista integrada por Joaqu\u00edn Blanco (secretario general del partido en Santa Fe), Varinia Drisun, Rub\u00e9n Galassi, Pablo Far\u00edas, Mariano Cuvertino, Rosana Bellatti y Ra\u00fal Lamberto, quien coordina una comisi\u00f3n del PS dedicada al estudio de la reforma de la Carta Magna.<\/p>\n<p>Los anfitriones fueron Felipe Michlig (titular del radicalismo santafesino), Fabi\u00e1n Bast\u00eda, Adriana Chuchi Molina, Jualiana Caillat y dem\u00e1s integrantes de la mesa directiva de la UCR.<\/p>\n<p>Al comienzo del c\u00f3nclave, los dirigentes de ambos partidos analizaron la evoluci\u00f3n de la gesti\u00f3n de Pullaro, a punto de cumplir siete meses, tanto con sus logros como con aquellas acciones que consideran necesario fortalecer. Y con la certeza de que un eventual \u00e9xito de Unidos deber\u00eda redundar en un modelo de construcci\u00f3n pol\u00edtica y de gesti\u00f3n del Estado a nivel nacional.<\/p>\n<p>En esa l\u00ednea, los representantes de ambos partidos estudiaron la coyuntura nacional y los desaf\u00edos que tiene la provincia para los pr\u00f3ximos meses.<\/p>\n<p>Tambi\u00e9n se habl\u00f3 de sistematizar el funcionamiento de la coalici\u00f3n oficialista con la conformaci\u00f3n de mesas departamentales para reforzar el trabajo coordinado con los gobiernos locales.<\/p>\n<p>En ese sentido, todos los partidos que forman parte de Unidos se reunir\u00e1n el 22 de julio en Rosario.<\/p>\n<p>Respecto de la reforma de la Constituci\u00f3n provincial,\u00a0 el socialismo formaliz\u00f3 su propuesta para que Unidos avance, entre agosto y septiembre pr\u00f3ximos, con un texto que obre como hoja de ruta de las posibles enmiendas a la Carta Magna, que luego ser\u00e1 remitido al peronismo y las dem\u00e1s fuerzas de la oposici\u00f3n para su an\u00e1lisis.<\/p>\n<p>El radicalismo integrar\u00e1 en los pr\u00f3ximos d\u00edas un equipo que articular\u00e1 su trabajo con las otras fuerzas que dan cuerpo a Unidos y con la ya activada comisi\u00f3n del PS, que, al mando de Lamberto y compuesta por una veintena de profesionales con experiencia legislativa y judicial, eval\u00faa potenciales cambios en la Constituci\u00f3n santafesina.<\/p>\n<p>El texto reformista que dise\u00f1e Unidos ser\u00e1 enviado al PJ y las dem\u00e1s fuerzas de la oposici\u00f3n para su an\u00e1lisis&#8221;<\/p>\n<p>Lo cierto es que el tema va ganando espacio dentro de la bater\u00eda de reformas estructurales y profundas que plante\u00f3 Unidos en la plataforma program\u00e1tica que marc\u00f3 el pulso de la \u00faltima campa\u00f1a electoral.<\/p>\n<p>Hasta el momento, la Casa Gris argumenta que el flamante intento de reforma constitucional es una decisi\u00f3n exclusivamente legislativa. Y que, de surgir consenso pol\u00edtico, no obstaculizar\u00e1 un debate en torno a la Carta Magna de Santa Fe. Aunque no emitir\u00e1 un mensaje oficial fogoneando esas transformaciones.<\/p>\n<p>Fuente: La Capital<\/p>\n<p>&nbsp;<\/p>\n","protected":false},"excerpt":{"rendered":"<p>Las c\u00fapulas santafesinas de ambos partidos tambi\u00e9n analizaron la marcha del gobierno Pullaro y acciones para mejorar el funcionamiento de Unidos, la coalici\u00f3n oficialista que integran. Juliana Caillat particip\u00f3 de la reuni\u00f3n&#46;&#46;&#46;<\/p>\n","protected":false},"author":1,"featured_media":22168,"comment_status":"closed","ping_status":"closed","sticky":false,"template":"","format":"standard","meta":[],"categories":[16,13,12],"tags":[],"_links":{"self":[{"href":"https:\/\/www.revistarescatados.com.ar\/web\/wp-json\/wp\/v2\/posts\/22167"}],"collection":[{"href":"https:\/\/www.revistarescatados.com.ar\/web\/wp-json\/wp\/v2\/posts"}],"about":[{"href":"https:\/\/www.revistarescatados.com.ar\/web\/wp-json\/wp\/v2\/types\/post"}],"author":[{"embeddable":true,"href":"https:\/\/www.revistarescatados.com.ar\/web\/wp-json\/wp\/v2\/users\/1"}],"replies":[{"embeddable":true,"href":"https:\/\/www.revistarescatados.com.ar\/web\/wp-json\/wp\/v2\/comments?post=22167"}],"version-history":[{"count":1,"href":"https:\/\/www.revistarescatados.com.ar\/web\/wp-json\/wp\/v2\/posts\/22167\/revisions"}],"predecessor-version":[{"id":22169,"href":"https:\/\/www.revistarescatados.com.ar\/web\/wp-json\/wp\/v2\/posts\/22167\/revisions\/22169"}],"wp:featuredmedia":[{"embeddable":true,"href":"https:\/\/www.revistarescatados.com.ar\/web\/wp-json\/wp\/v2\/media\/22168"}],"wp:attachment":[{"href":"https:\/\/www.revistarescatados.com.ar\/web\/wp-json\/wp\/v2\/media?parent=22167"}],"wp:term":[{"taxonomy":"category","embeddable":true,"href":"https:\/\/www.revistarescatados.com.ar\/web\/wp-json\/wp\/v2\/categories?post=22167"},{"taxonomy":"post_tag","embeddable":true,"href":"https:\/\/www.revistarescatados.com.ar\/web\/wp-json\/wp\/v2\/tags?post=22167"}],"curies":[{"name":"wp","href":"https:\/\/api.w.org\/{rel}","templated":true}]}}