{"id":2219,"date":"2018-10-08T13:01:36","date_gmt":"2018-10-08T16:01:36","guid":{"rendered":"http:\/\/www.revistarescatados.com.ar\/web\/?p=2219"},"modified":"2018-10-08T13:01:36","modified_gmt":"2018-10-08T16:01:36","slug":"la-provincia-dio-comienzo-a-la-campana-de-vacunacion-contra-el-sarampion-y-la-rubeola-en-reconquista","status":"publish","type":"post","link":"https:\/\/www.revistarescatados.com.ar\/web\/2018\/10\/08\/la-provincia-dio-comienzo-a-la-campana-de-vacunacion-contra-el-sarampion-y-la-rubeola-en-reconquista\/","title":{"rendered":"La provincia dio comienzo a la campa\u00f1a de vacunaci\u00f3n contra el sarampi\u00f3n y la rub\u00e9ola en Reconquista"},"content":{"rendered":"<p><img loading=\"lazy\" class=\"aligncenter size-full wp-image-2220\" src=\"http:\/\/www.revistarescatados.com.ar\/web\/wp-content\/uploads\/2018\/10\/campa\u00f1a-de-vacunacion.jpg\" alt=\"\" width=\"1140\" height=\"640\" srcset=\"https:\/\/www.revistarescatados.com.ar\/web\/wp-content\/uploads\/2018\/10\/campa\u00f1a-de-vacunacion.jpg 1140w, https:\/\/www.revistarescatados.com.ar\/web\/wp-content\/uploads\/2018\/10\/campa\u00f1a-de-vacunacion-300x168.jpg 300w, https:\/\/www.revistarescatados.com.ar\/web\/wp-content\/uploads\/2018\/10\/campa\u00f1a-de-vacunacion-768x431.jpg 768w, https:\/\/www.revistarescatados.com.ar\/web\/wp-content\/uploads\/2018\/10\/campa\u00f1a-de-vacunacion-1024x575.jpg 1024w\" sizes=\"(max-width: 1140px) 100vw, 1140px\" \/><\/p>\n<p><span style=\"color: #0000ff;\"><strong>Se extender\u00e1 hasta el 30 de noviembre e incluye a ni\u00f1os de 13 meses a 4 a\u00f1os de edad.<\/strong><\/span><\/p>\n<p>La Ministra de Salud de la provincia, Andrea Uboldi, lanz\u00f3 este jueves en Reconquista, la Campa\u00f1a Nacional de Vacunaci\u00f3n contra el Sarampi\u00f3n y la Rubeola, que se extender\u00e1 hasta el pr\u00f3ximo 30 de noviembre para ni\u00f1os de 13 meses a 4 a\u00f1os inclusive.<br \/>\nEn la jornada, que se llev\u00f3 a cabo en el complejo cultural \u201cLa Estaci\u00f3n\u201d, se dieron cita m\u00e1s de 200 ni\u00f1os de los centros de Cuidados Infantiles y de jardines de infantes.<\/p>\n<p>Uboldi indic\u00f3 que \u201cen un contexto complejo y hay un Estado provincial presente garantizando y acompa\u00f1ando a todos nuestros ciudadanos en una provincia que ha definido la defensa de la salud p\u00fablica, la educaci\u00f3n p\u00fablica y de acompa\u00f1ar a la gente\u201d.<\/p>\n<p>Adem\u00e1s, sostuvo que \u201cel prop\u00f3sito de la campa\u00f1a es eliminar el sarampi\u00f3n y la rub\u00e9ola como as\u00ed tambi\u00e9n evitar el rebrote de estas enfermedades que han sido erradicadas del pa\u00eds hace a\u00f1os, gracias a la vigencia del Calendario Nacional de Vacunaci\u00f3n gratuita y obligatoria\u201d.<\/p>\n<p>\u201cLa campa\u00f1a est\u00e1 pensada para reforzar las defensas y evitar estas enfermedades, que por suerte la provincia de Santa Fe no presenta, aunque s\u00ed se registraron casos en el resto del pa\u00eds\u201d, agreg\u00f3 la ministra.<\/p>\n<p><span style=\"color: #0000ff;\"><strong>VACUNAS PARA CRECER FUERTES<\/strong><\/span><br \/>\nLa campa\u00f1a, que se extiende al 30 de noviembre de 2018, consta de una aplicaci\u00f3n \u00fanica de la dosis extra de la &#8220;triple viral&#8221; y est\u00e1 destinada a todos los ni\u00f1os y ni\u00f1as de 13 meses a cuatro a\u00f1os inclusive, en todos los centros de salud y hospitales p\u00fablicos del pa\u00eds.<\/p>\n<p>El sarampi\u00f3n y la rub\u00e9ola son enfermedades virales muy contagiosas que se trasmiten por v\u00eda a\u00e9rea. Si bien ambas fueron eliminadas de Argentina, siguen estando presentes en otros pa\u00edses y la permanente movilidad de personas genera riesgo de reintroducci\u00f3n de estos virus en el pa\u00eds. Por ello es necesario realizar campa\u00f1as peri\u00f3dicas de vacunaci\u00f3n, como la que se concretar\u00e1 durante octubre y noviembre de 2018. La dosis de vacuna triple viral ser\u00e1 adicional y obligatoria, independientemente del estado vacunal.<\/p>\n<p>La vacunaci\u00f3n es la \u00fanica estrategia para prevenir el sarampi\u00f3n y la rub\u00e9ola. La vacuna triple viral, adem\u00e1s, protege tambi\u00e9n contra las paperas. Es gratuita, no se solicitar\u00e1 orden m\u00e9dica y se aplicar\u00e1 en todos los centros de salud y hospitales p\u00fablicos del pa\u00eds. Esta vacuna se aplica desde los a\u00f1os 60 y, a lo largo de varias d\u00e9cadas, ha mostrado una elevada seguridad y eficacia.<\/p>\n<p><span style=\"color: #0000ff;\"><strong>UNA DOSIS EXTRA DE LA VACUNA QUE ES OBLIGATORIA<\/strong><\/span><br \/>\nEsta vacuna es obligatoria y gratuita al igual que todas las incluidas en el Calendario Nacional de Inmunizaciones, y es muy segura. Si recibi\u00f3 una dosis debe volver a vacunarse. El \u00fanico recaudo es dejar pasar un mes desde la aplicaci\u00f3n de la vacuna del calendario. Adem\u00e1s, se puede colocar en la misma ocasi\u00f3n que cualquier otra vacuna. Las reacciones que puede provocar son leves y poco frecuentes.<\/p>\n<p>Debido a la permanente movilidad de personas, el riesgo de reintroducci\u00f3n de estos virus en el pa\u00eds permanece vigente y aumenta cuando se va incrementado el n\u00famero de personas que no est\u00e1n vacunadas a trav\u00e9s del tiempo.<\/p>\n<p>Esta vacuna est\u00e1 contraindicada en ni\u00f1os inmunosuprimidos, sea por enfermedad (inmunodeficiencias primarias o SIDA) o por tratamiento (quimioterapia). Ante cualquier duda, se debe consultar con el m\u00e9dico.<\/p>\n<p><strong><span style=\"color: #0000ff;\">SARAMPI\u00d3N<\/span><\/strong><br \/>\nEs una enfermedad viral altamente contagiosa que provoca exantema (peque\u00f1as manchas rojas en la piel), fiebre y s\u00edntomas respiratorios, adem\u00e1s de una importante disminuci\u00f3n de la inmunidad, lo que facilita la aparici\u00f3n de otitis, neumon\u00eda, convulsiones, encefalitis e incluso la muerte.<\/p>\n<p>El sarampi\u00f3n se transmite por v\u00eda a\u00e9rea y contacto directo por gotas de saliva. Es una enfermedad altamente contagiosa.<\/p>\n<p><strong><span style=\"color: #0000ff;\">RUB\u00c9OLA<\/span><\/strong><br \/>\nEs causada por un virus y se caracteriza por fiebre, ganglios agrandados (principalmente en el cuello y detr\u00e1s de las orejas) y erupci\u00f3n en la piel que dura de 3 a 5 d\u00edas, la cual se inicia en la cabeza y luego desciende al resto del cuerpo. Tambi\u00e9n pueden aparecer dolores en las articulaciones del cuerpo en adultos.<\/p>\n<p>La rub\u00e9ola se transmite por contacto con las personas que se han contagiado con el virus. La v\u00eda de transmisi\u00f3n es respiratoria, por la salida del virus en las gotitas de saliva que se producen al hablar, toser o estornudar, o con los objetos contaminados con las secreciones.<\/p>\n<p>Casi el 50% de las personas infectadas por el virus de la rub\u00e9ola no presentan s\u00edntomas. Sin embargo, a\u00fan sin ninguna manifestaci\u00f3n, transmiten la enfermedad, lo que representa un riesgo para las personas y sobre todo para las mujeres embarazadas.<\/p>\n<p>Si una mujer se infecta durante el primer trimestre de gestaci\u00f3n, existe un 90% de probabilidades de que el reci\u00e9n nacido presente las manifestaciones del S\u00edndrome de Rub\u00e9ola Cong\u00e9nita.<\/p>\n<p><strong><span style=\"color: #0000ff;\">PAPERAS<\/span><\/strong><br \/>\nEs una enfermedad de origen viral. Se transmite de persona a persona a trav\u00e9s de las secreciones que se eliminan al hablar, toser o estornudar, o bien por contacto directo con cualquier objeto contaminado con esas mismas secreciones. El per\u00edodo de incubaci\u00f3n se puede extender de 12 a 25 d\u00edas. En casos graves, las paperas pueden afectar el sistema nervioso central, el p\u00e1ncreas, los test\u00edculos y los ovarios.<\/p>\n<p><span style=\"color: #0000ff;\"><strong>LA CAMPA\u00d1A DE COMUNICACI\u00d3N CON EL CONCURSO &#8220;SUM\u00c1 TU CANCI\u00d3N&#8221;<\/strong><\/span><br \/>\nEl concurso &#8220;Sum\u00e1 tu canci\u00f3n&#8221;, dirigido a trabajadores de la salud p\u00fablica de la provincia, tiene ya 50 equipos concursando, que presentaron un video o audio musical para promover el mensaje de la campa\u00f1a. Por la cantidad de presentaciones, la fecha de cierre del concurso fue extendida al 31 de octubre y los ganadores se dar\u00e1n a conocer el 8 de noviembre.<\/p>\n<p>La estrategia, que visibiliza los grandes esfuerzos que llevan a cabo los trabajadores a lo largo y ancho del pa\u00eds, se lleva a cabo desde las redes sociales oficiales del Ministerio de Salud, a las cuales la poblaci\u00f3n puede ingresar y votar por su video preferido colocando &#8220;me gusta&#8221;.<\/p>\n","protected":false},"excerpt":{"rendered":"<p>Se extender\u00e1 hasta el 30 de noviembre e incluye a ni\u00f1os de 13 meses a 4 a\u00f1os de edad. La Ministra de Salud de la provincia, Andrea Uboldi, lanz\u00f3 este jueves en&#46;&#46;&#46;<\/p>\n","protected":false},"author":1,"featured_media":2220,"comment_status":"closed","ping_status":"open","sticky":false,"template":"","format":"standard","meta":[],"categories":[6,14,9],"tags":[],"_links":{"self":[{"href":"https:\/\/www.revistarescatados.com.ar\/web\/wp-json\/wp\/v2\/posts\/2219"}],"collection":[{"href":"https:\/\/www.revistarescatados.com.ar\/web\/wp-json\/wp\/v2\/posts"}],"about":[{"href":"https:\/\/www.revistarescatados.com.ar\/web\/wp-json\/wp\/v2\/types\/post"}],"author":[{"embeddable":true,"href":"https:\/\/www.revistarescatados.com.ar\/web\/wp-json\/wp\/v2\/users\/1"}],"replies":[{"embeddable":true,"href":"https:\/\/www.revistarescatados.com.ar\/web\/wp-json\/wp\/v2\/comments?post=2219"}],"version-history":[{"count":1,"href":"https:\/\/www.revistarescatados.com.ar\/web\/wp-json\/wp\/v2\/posts\/2219\/revisions"}],"predecessor-version":[{"id":2221,"href":"https:\/\/www.revistarescatados.com.ar\/web\/wp-json\/wp\/v2\/posts\/2219\/revisions\/2221"}],"wp:featuredmedia":[{"embeddable":true,"href":"https:\/\/www.revistarescatados.com.ar\/web\/wp-json\/wp\/v2\/media\/2220"}],"wp:attachment":[{"href":"https:\/\/www.revistarescatados.com.ar\/web\/wp-json\/wp\/v2\/media?parent=2219"}],"wp:term":[{"taxonomy":"category","embeddable":true,"href":"https:\/\/www.revistarescatados.com.ar\/web\/wp-json\/wp\/v2\/categories?post=2219"},{"taxonomy":"post_tag","embeddable":true,"href":"https:\/\/www.revistarescatados.com.ar\/web\/wp-json\/wp\/v2\/tags?post=2219"}],"curies":[{"name":"wp","href":"https:\/\/api.w.org\/{rel}","templated":true}]}}