{"id":22207,"date":"2024-07-11T01:19:10","date_gmt":"2024-07-11T04:19:10","guid":{"rendered":"https:\/\/www.revistarescatados.com.ar\/web\/?p=22207"},"modified":"2024-07-11T01:20:17","modified_gmt":"2024-07-11T04:20:17","slug":"calchaqui-tarde-de-titeres-en-las-vacaciones-de-invierno","status":"publish","type":"post","link":"https:\/\/www.revistarescatados.com.ar\/web\/2024\/07\/11\/calchaqui-tarde-de-titeres-en-las-vacaciones-de-invierno\/","title":{"rendered":"Calchaqu\u00ed: Tarde de t\u00edteres en las vacaciones de invierno"},"content":{"rendered":"<p><span style=\"color: #0000ff;\"><strong>Este mi\u00e9rcoles se realiz\u00f3 una tarde recreativa en el Parque Prensa, auspiciada por cultura de la provincia. El martes feriado hubo una jornada solidaria por las mascotas coordinada por el CeSAM.<\/strong><\/span><\/p>\n<p><img loading=\"lazy\" class=\"aligncenter size-large wp-image-22208\" src=\"http:\/\/www.revistarescatados.com.ar\/web\/wp-content\/uploads\/2024\/07\/titeres-1024x683.jpg\" alt=\"\" width=\"1024\" height=\"683\" srcset=\"https:\/\/www.revistarescatados.com.ar\/web\/wp-content\/uploads\/2024\/07\/titeres-1024x683.jpg 1024w, https:\/\/www.revistarescatados.com.ar\/web\/wp-content\/uploads\/2024\/07\/titeres-300x200.jpg 300w, https:\/\/www.revistarescatados.com.ar\/web\/wp-content\/uploads\/2024\/07\/titeres-768x512.jpg 768w, https:\/\/www.revistarescatados.com.ar\/web\/wp-content\/uploads\/2024\/07\/titeres-1536x1024.jpg 1536w, https:\/\/www.revistarescatados.com.ar\/web\/wp-content\/uploads\/2024\/07\/titeres.jpg 1620w\" sizes=\"(max-width: 1024px) 100vw, 1024px\" \/><br \/>\nEste 10 de julio, los m\u00e1s peque\u00f1os fabricaron t\u00edteres y m\u00e1scaras, actuaron, improvisaron y disfrutaron de una obra de t\u00edteres.Este evento fue auspiciado por el Ministerio de Cultura de la Provincia.<\/p>\n<p>&nbsp;<\/p>\n<p><span style=\"color: #0000ff;\"><strong>Entrega de Tierra abonada y Capacitaci\u00f3n del CeSAM\u00a0<\/strong><\/span><\/p>\n<p><img loading=\"lazy\" class=\"aligncenter size-large wp-image-22209\" src=\"http:\/\/www.revistarescatados.com.ar\/web\/wp-content\/uploads\/2024\/07\/entrega-de-tierraa-1024x683.jpg\" alt=\"\" width=\"1024\" height=\"683\" srcset=\"https:\/\/www.revistarescatados.com.ar\/web\/wp-content\/uploads\/2024\/07\/entrega-de-tierraa-1024x683.jpg 1024w, https:\/\/www.revistarescatados.com.ar\/web\/wp-content\/uploads\/2024\/07\/entrega-de-tierraa-300x200.jpg 300w, https:\/\/www.revistarescatados.com.ar\/web\/wp-content\/uploads\/2024\/07\/entrega-de-tierraa-768x512.jpg 768w, https:\/\/www.revistarescatados.com.ar\/web\/wp-content\/uploads\/2024\/07\/entrega-de-tierraa.jpg 1440w\" sizes=\"(max-width: 1024px) 100vw, 1024px\" \/><br \/>\nA cambio de alimento balanceado para mascotas- a fin de colaborar con la labor de Rina Santini- la Secretar\u00eda de Medioambiente entreg\u00f3 tierra de la abonera municipal.<\/p>\n<p>Tambi\u00e9n se llev\u00f3 adelante una capacitaci\u00f3n sobre el cuidado de las mascotas y se entregaron folletos, a cargo de integrantes del CeSAM (Centro de Salud Animal Municipal).<\/p>\n","protected":false},"excerpt":{"rendered":"<p>Este mi\u00e9rcoles se realiz\u00f3 una tarde recreativa en el Parque Prensa, auspiciada por cultura de la provincia. El martes feriado hubo una jornada solidaria por las mascotas coordinada por el CeSAM. Este&#46;&#46;&#46;<\/p>\n","protected":false},"author":1,"featured_media":22208,"comment_status":"closed","ping_status":"closed","sticky":false,"template":"","format":"standard","meta":[],"categories":[2,3,16,9,8],"tags":[],"_links":{"self":[{"href":"https:\/\/www.revistarescatados.com.ar\/web\/wp-json\/wp\/v2\/posts\/22207"}],"collection":[{"href":"https:\/\/www.revistarescatados.com.ar\/web\/wp-json\/wp\/v2\/posts"}],"about":[{"href":"https:\/\/www.revistarescatados.com.ar\/web\/wp-json\/wp\/v2\/types\/post"}],"author":[{"embeddable":true,"href":"https:\/\/www.revistarescatados.com.ar\/web\/wp-json\/wp\/v2\/users\/1"}],"replies":[{"embeddable":true,"href":"https:\/\/www.revistarescatados.com.ar\/web\/wp-json\/wp\/v2\/comments?post=22207"}],"version-history":[{"count":3,"href":"https:\/\/www.revistarescatados.com.ar\/web\/wp-json\/wp\/v2\/posts\/22207\/revisions"}],"predecessor-version":[{"id":22212,"href":"https:\/\/www.revistarescatados.com.ar\/web\/wp-json\/wp\/v2\/posts\/22207\/revisions\/22212"}],"wp:featuredmedia":[{"embeddable":true,"href":"https:\/\/www.revistarescatados.com.ar\/web\/wp-json\/wp\/v2\/media\/22208"}],"wp:attachment":[{"href":"https:\/\/www.revistarescatados.com.ar\/web\/wp-json\/wp\/v2\/media?parent=22207"}],"wp:term":[{"taxonomy":"category","embeddable":true,"href":"https:\/\/www.revistarescatados.com.ar\/web\/wp-json\/wp\/v2\/categories?post=22207"},{"taxonomy":"post_tag","embeddable":true,"href":"https:\/\/www.revistarescatados.com.ar\/web\/wp-json\/wp\/v2\/tags?post=22207"}],"curies":[{"name":"wp","href":"https:\/\/api.w.org\/{rel}","templated":true}]}}