{"id":2232,"date":"2018-10-08T13:52:46","date_gmt":"2018-10-08T16:52:46","guid":{"rendered":"http:\/\/www.revistarescatados.com.ar\/web\/?p=2232"},"modified":"2018-10-08T13:52:46","modified_gmt":"2018-10-08T16:52:46","slug":"convocan-a-familias-solidarias-para-cuidar-dos-hermanitos-de-la-ciudad-de-vera","status":"publish","type":"post","link":"https:\/\/www.revistarescatados.com.ar\/web\/2018\/10\/08\/convocan-a-familias-solidarias-para-cuidar-dos-hermanitos-de-la-ciudad-de-vera\/","title":{"rendered":"Convocan a familias solidarias para cuidar dos hermanitos de la ciudad de Vera"},"content":{"rendered":"<p><img loading=\"lazy\" class=\"aligncenter size-full wp-image-2233\" src=\"http:\/\/www.revistarescatados.com.ar\/web\/wp-content\/uploads\/2018\/10\/Familias-solidarias-1.jpg\" alt=\"\" width=\"626\" height=\"416\" srcset=\"https:\/\/www.revistarescatados.com.ar\/web\/wp-content\/uploads\/2018\/10\/Familias-solidarias-1.jpg 626w, https:\/\/www.revistarescatados.com.ar\/web\/wp-content\/uploads\/2018\/10\/Familias-solidarias-1-300x199.jpg 300w\" sizes=\"(max-width: 626px) 100vw, 626px\" \/><\/p>\n<p><span style=\"color: #0000ff;\"><strong>Se buscan personas o grupos familiares que deseen brindar transitoriamente contenci\u00f3n, protecci\u00f3n y cuidados a dos hermanos: una ni\u00f1a de 1 a\u00f1o y un ni\u00f1o de 5 a\u00f1os de edad, preferentemente de la ciudad de Vera. Tambi\u00e9n buscan familias solidarias para una nena de 5 a\u00f1os y un nene de 7 a\u00f1os de edad, pueden ser de localidades cercanas.<\/strong><\/span><\/p>\n<p>Los requisitos son:<\/p>\n<p>&#8211; Ser mayor de 25 a\u00f1os.<\/p>\n<p>&#8211; Dos a\u00f1os de residencia en la provincia de Santa Fe.<\/p>\n<p>&#8211; No contar con antecedentes penales.<\/p>\n<p>&#8211; No estar inscriptos en el Registro de Aspirantes a Guarda con fines Adoptivos (RUAGA).<\/p>\n<p>&#8220;Para contactarnos a la brevedad por favor comunicarse por mensaje privado para coordinar entrevistas y\/o consultas. Consultas: al 03483 420491, y\/o Juan de Garay N\u00ba 2280 (Vera). En los horarios de 7 hs a 13 hs de lunes a viernes&#8221;, informaron desde la Delegaci\u00f3n Vera de la Subsecretar\u00eda de los Derechos de la Ni\u00f1ez, Adolescencia y Familia.<\/p>\n","protected":false},"excerpt":{"rendered":"<p>Se buscan personas o grupos familiares que deseen brindar transitoriamente contenci\u00f3n, protecci\u00f3n y cuidados a dos hermanos: una ni\u00f1a de 1 a\u00f1o y un ni\u00f1o de 5 a\u00f1os de edad, preferentemente de&#46;&#46;&#46;<\/p>\n","protected":false},"author":1,"featured_media":2233,"comment_status":"closed","ping_status":"open","sticky":false,"template":"","format":"standard","meta":[],"categories":[3,16,8],"tags":[],"_links":{"self":[{"href":"https:\/\/www.revistarescatados.com.ar\/web\/wp-json\/wp\/v2\/posts\/2232"}],"collection":[{"href":"https:\/\/www.revistarescatados.com.ar\/web\/wp-json\/wp\/v2\/posts"}],"about":[{"href":"https:\/\/www.revistarescatados.com.ar\/web\/wp-json\/wp\/v2\/types\/post"}],"author":[{"embeddable":true,"href":"https:\/\/www.revistarescatados.com.ar\/web\/wp-json\/wp\/v2\/users\/1"}],"replies":[{"embeddable":true,"href":"https:\/\/www.revistarescatados.com.ar\/web\/wp-json\/wp\/v2\/comments?post=2232"}],"version-history":[{"count":1,"href":"https:\/\/www.revistarescatados.com.ar\/web\/wp-json\/wp\/v2\/posts\/2232\/revisions"}],"predecessor-version":[{"id":2234,"href":"https:\/\/www.revistarescatados.com.ar\/web\/wp-json\/wp\/v2\/posts\/2232\/revisions\/2234"}],"wp:featuredmedia":[{"embeddable":true,"href":"https:\/\/www.revistarescatados.com.ar\/web\/wp-json\/wp\/v2\/media\/2233"}],"wp:attachment":[{"href":"https:\/\/www.revistarescatados.com.ar\/web\/wp-json\/wp\/v2\/media?parent=2232"}],"wp:term":[{"taxonomy":"category","embeddable":true,"href":"https:\/\/www.revistarescatados.com.ar\/web\/wp-json\/wp\/v2\/categories?post=2232"},{"taxonomy":"post_tag","embeddable":true,"href":"https:\/\/www.revistarescatados.com.ar\/web\/wp-json\/wp\/v2\/tags?post=2232"}],"curies":[{"name":"wp","href":"https:\/\/api.w.org\/{rel}","templated":true}]}}