{"id":22376,"date":"2024-08-05T17:39:17","date_gmt":"2024-08-05T20:39:17","guid":{"rendered":"https:\/\/www.revistarescatados.com.ar\/web\/?p=22376"},"modified":"2024-08-05T17:39:17","modified_gmt":"2024-08-05T20:39:17","slug":"piden-la-urgente-regularizacion-de-los-planes-procrear-ii","status":"publish","type":"post","link":"https:\/\/www.revistarescatados.com.ar\/web\/2024\/08\/05\/piden-la-urgente-regularizacion-de-los-planes-procrear-ii\/","title":{"rendered":"Piden la urgente regularizaci\u00f3n de los planes PROCREAR II"},"content":{"rendered":"<p style=\"font-weight: 400;\">\n<p style=\"font-weight: 400;\"><strong>\u00a0<\/strong><\/p>\n<p style=\"font-weight: 400;\"><span style=\"color: #0000ff;\"><strong>Como es de p\u00fablico y notorio los beneficiarios del cr\u00e9dito Procrear II est\u00e1n atravesando una situaci\u00f3n desesperante ya que el Banco Hipotecario no cumple con las obligaciones a su cargo, habiendo depositado en algunos casos el anticipo del cr\u00e9dito, en otros casos hizo el desembolso, pero el factor com\u00fan es el incumplimiento de la totalidad de los montos y la falta de respuestas.<\/strong><\/span><\/p>\n<p style=\"font-weight: 400;\"><img loading=\"lazy\" class=\"aligncenter size-full wp-image-22377\" src=\"http:\/\/www.revistarescatados.com.ar\/web\/wp-content\/uploads\/2024\/08\/CONSTRUCCION-PROCREAR-II.jpg\" alt=\"\" width=\"730\" height=\"411\" srcset=\"https:\/\/www.revistarescatados.com.ar\/web\/wp-content\/uploads\/2024\/08\/CONSTRUCCION-PROCREAR-II.jpg 730w, https:\/\/www.revistarescatados.com.ar\/web\/wp-content\/uploads\/2024\/08\/CONSTRUCCION-PROCREAR-II-300x169.jpg 300w\" sizes=\"(max-width: 730px) 100vw, 730px\" \/><\/p>\n<p style=\"font-weight: 400;\">Ante ello, la C\u00e1mara de Senadores de la Provincia de Santa Fe a trav\u00e9s de un proyecto de comunicaci\u00f3n solicita al Poder Ejecutivo que inste a los Organismos Nacionales correspondientes a fin de regularizar de manera urgente la situaci\u00f3n de los beneficiarios de los cr\u00e9ditos Procrear II otorgados por el Banco Hipotecario.<\/p>\n<p style=\"font-weight: 400;\">\n<p style=\"font-weight: 400;\">Familias que tienen el sue\u00f1o de la casa propia se ven terriblemente afectadas por esos incumplimientos que no solo le generan problemas econ\u00f3micos sino tambi\u00e9n de proyecto de vida.<\/p>\n<p style=\"font-weight: 400;\">\n<p style=\"font-weight: 400;\">Adem\u00e1s de ello, lo que han recibido no les alcanza para poder avanzar y han tenido que endeudarse; pero ni as\u00ed pueden terminar sus casas. Es realmente muy grave porque al d\u00eda de hoy poseen deudas con alba\u00f1iles, arquitectos, compras de materiales, etc, adem\u00e1s de que deben continuar pagando sus alquileres.<\/p>\n<p style=\"font-weight: 400;\">\n<p style=\"font-weight: 400;\">El Banco Hipotecario no da respuestas, no atiende los tel\u00e9fonos ni contesta los mails, los beneficiarios se encuentran totalmente desamparados y sus derechos fueron notablemente vulnerados.<\/p>\n<p style=\"font-weight: 400;\"><strong>\u00a0<\/strong><\/p>\n","protected":false},"excerpt":{"rendered":"<p>\u00a0 Como es de p\u00fablico y notorio los beneficiarios del cr\u00e9dito Procrear II est\u00e1n atravesando una situaci\u00f3n desesperante ya que el Banco Hipotecario no cumple con las obligaciones a su cargo, habiendo&#46;&#46;&#46;<\/p>\n","protected":false},"author":1,"featured_media":22377,"comment_status":"closed","ping_status":"closed","sticky":false,"template":"","format":"standard","meta":[],"categories":[4,16,12,8],"tags":[],"_links":{"self":[{"href":"https:\/\/www.revistarescatados.com.ar\/web\/wp-json\/wp\/v2\/posts\/22376"}],"collection":[{"href":"https:\/\/www.revistarescatados.com.ar\/web\/wp-json\/wp\/v2\/posts"}],"about":[{"href":"https:\/\/www.revistarescatados.com.ar\/web\/wp-json\/wp\/v2\/types\/post"}],"author":[{"embeddable":true,"href":"https:\/\/www.revistarescatados.com.ar\/web\/wp-json\/wp\/v2\/users\/1"}],"replies":[{"embeddable":true,"href":"https:\/\/www.revistarescatados.com.ar\/web\/wp-json\/wp\/v2\/comments?post=22376"}],"version-history":[{"count":1,"href":"https:\/\/www.revistarescatados.com.ar\/web\/wp-json\/wp\/v2\/posts\/22376\/revisions"}],"predecessor-version":[{"id":22378,"href":"https:\/\/www.revistarescatados.com.ar\/web\/wp-json\/wp\/v2\/posts\/22376\/revisions\/22378"}],"wp:featuredmedia":[{"embeddable":true,"href":"https:\/\/www.revistarescatados.com.ar\/web\/wp-json\/wp\/v2\/media\/22377"}],"wp:attachment":[{"href":"https:\/\/www.revistarescatados.com.ar\/web\/wp-json\/wp\/v2\/media?parent=22376"}],"wp:term":[{"taxonomy":"category","embeddable":true,"href":"https:\/\/www.revistarescatados.com.ar\/web\/wp-json\/wp\/v2\/categories?post=22376"},{"taxonomy":"post_tag","embeddable":true,"href":"https:\/\/www.revistarescatados.com.ar\/web\/wp-json\/wp\/v2\/tags?post=22376"}],"curies":[{"name":"wp","href":"https:\/\/api.w.org\/{rel}","templated":true}]}}