{"id":22447,"date":"2024-08-16T13:27:16","date_gmt":"2024-08-16T16:27:16","guid":{"rendered":"https:\/\/www.revistarescatados.com.ar\/web\/?p=22447"},"modified":"2024-08-16T13:27:16","modified_gmt":"2024-08-16T16:27:16","slug":"dionisio-scarpin-con-la-adjudicacion-de-la-obra-de-acceso-a-moussy-el-sueno-del-pavimento-comienza-a-hacerse-realidad","status":"publish","type":"post","link":"https:\/\/www.revistarescatados.com.ar\/web\/2024\/08\/16\/dionisio-scarpin-con-la-adjudicacion-de-la-obra-de-acceso-a-moussy-el-sueno-del-pavimento-comienza-a-hacerse-realidad\/","title":{"rendered":"Dionisio Scarpin: \u201cCon la adjudicaci\u00f3n de la obra de acceso a Moussy, el sue\u00f1o del pavimento comienza a hacerse realidad\u201d."},"content":{"rendered":"<p>&nbsp;<\/p>\n<p><span style=\"color: #0000ff;\"><strong>El diputado provincial confirm\u00f3 que se adjudicaron las obras a la empresa que llevar\u00e1 adelante las tareas . \u201cEl gobierno provincial est\u00e1 saldando una deuda de m\u00e1s de 20 a\u00f1os con esta localidad\u201d.<\/strong><\/span><\/p>\n<p><img loading=\"lazy\" class=\"aligncenter size-full wp-image-22448\" src=\"http:\/\/www.revistarescatados.com.ar\/web\/wp-content\/uploads\/2024\/08\/Scarpin-Moussy.jpg\" alt=\"\" width=\"800\" height=\"600\" srcset=\"https:\/\/www.revistarescatados.com.ar\/web\/wp-content\/uploads\/2024\/08\/Scarpin-Moussy.jpg 800w, https:\/\/www.revistarescatados.com.ar\/web\/wp-content\/uploads\/2024\/08\/Scarpin-Moussy-300x225.jpg 300w, https:\/\/www.revistarescatados.com.ar\/web\/wp-content\/uploads\/2024\/08\/Scarpin-Moussy-768x576.jpg 768w\" sizes=\"(max-width: 800px) 100vw, 800px\" \/><\/p>\n<p>El diputado provincial Dionisio Scarpin confirm\u00f3 que la Direcci\u00f3n Provincial de Vialidad adjudic\u00f3 la obra de pavimento del acceso a Moussy a la empresa ICF S.A. La inversi\u00f3n real para realizar las tareas ser\u00e1 de $1.730.788.511,32.<\/p>\n<p>\u201cGracias al compromiso de Maximiliano Pullaro y a todo su equipo de trabajo, este sue\u00f1o se va a hacer realidad y la deuda de m\u00e1s de 20 a\u00f1os con Moussy se va a saldar\u201d, afirm\u00f3 el legislador provincial. Asimismo, con relaci\u00f3n a la fecha aproximada de inicio de las obras indic\u00f3 que se espera la firma del contrato para que las tareas comiencen lo antes posible.<\/p>\n<p>\u201cEl inminente comienzo de los trabajos es una muestra de que cuando la comunidad y sus dirigentes se unen en un objetivo com\u00fan, se pueden lograr esas metas que a veces parecen sue\u00f1os lejanos\u201d, afirm\u00f3 Dionisio Scarpin. Adem\u00e1s, agreg\u00f3 que: &#8220;este es un paso importante en la mejora de la infraestructura de la localidad y la zona\u201d.<\/p>\n<p>&nbsp;<\/p>\n","protected":false},"excerpt":{"rendered":"<p>&nbsp; El diputado provincial confirm\u00f3 que se adjudicaron las obras a la empresa que llevar\u00e1 adelante las tareas . \u201cEl gobierno provincial est\u00e1 saldando una deuda de m\u00e1s de 20 a\u00f1os con&#46;&#46;&#46;<\/p>\n","protected":false},"author":1,"featured_media":22448,"comment_status":"closed","ping_status":"closed","sticky":false,"template":"","format":"standard","meta":[],"categories":[6,16,13,14],"tags":[],"_links":{"self":[{"href":"https:\/\/www.revistarescatados.com.ar\/web\/wp-json\/wp\/v2\/posts\/22447"}],"collection":[{"href":"https:\/\/www.revistarescatados.com.ar\/web\/wp-json\/wp\/v2\/posts"}],"about":[{"href":"https:\/\/www.revistarescatados.com.ar\/web\/wp-json\/wp\/v2\/types\/post"}],"author":[{"embeddable":true,"href":"https:\/\/www.revistarescatados.com.ar\/web\/wp-json\/wp\/v2\/users\/1"}],"replies":[{"embeddable":true,"href":"https:\/\/www.revistarescatados.com.ar\/web\/wp-json\/wp\/v2\/comments?post=22447"}],"version-history":[{"count":1,"href":"https:\/\/www.revistarescatados.com.ar\/web\/wp-json\/wp\/v2\/posts\/22447\/revisions"}],"predecessor-version":[{"id":22449,"href":"https:\/\/www.revistarescatados.com.ar\/web\/wp-json\/wp\/v2\/posts\/22447\/revisions\/22449"}],"wp:featuredmedia":[{"embeddable":true,"href":"https:\/\/www.revistarescatados.com.ar\/web\/wp-json\/wp\/v2\/media\/22448"}],"wp:attachment":[{"href":"https:\/\/www.revistarescatados.com.ar\/web\/wp-json\/wp\/v2\/media?parent=22447"}],"wp:term":[{"taxonomy":"category","embeddable":true,"href":"https:\/\/www.revistarescatados.com.ar\/web\/wp-json\/wp\/v2\/categories?post=22447"},{"taxonomy":"post_tag","embeddable":true,"href":"https:\/\/www.revistarescatados.com.ar\/web\/wp-json\/wp\/v2\/tags?post=22447"}],"curies":[{"name":"wp","href":"https:\/\/api.w.org\/{rel}","templated":true}]}}