{"id":22505,"date":"2024-08-26T17:15:48","date_gmt":"2024-08-26T20:15:48","guid":{"rendered":"https:\/\/www.revistarescatados.com.ar\/web\/?p=22505"},"modified":"2024-08-26T17:15:48","modified_gmt":"2024-08-26T20:15:48","slug":"habilitaron-un-nuevo-puesto-digital-documentario-en-el-registro-civil-de-calchaqui","status":"publish","type":"post","link":"https:\/\/www.revistarescatados.com.ar\/web\/2024\/08\/26\/habilitaron-un-nuevo-puesto-digital-documentario-en-el-registro-civil-de-calchaqui\/","title":{"rendered":"Habilitaron un nuevo puesto digital documentario en el Registro civil de Calchaqu\u00ed"},"content":{"rendered":"<p><span style=\"color: #0000ff;\"><strong>Con el nuevo equipamiento entregado el pasado viernes 23 de agosto, se duplicar\u00e1n los tr\u00e1mites que se realizan en la oficina local que funciona en La Casa del Pueblo.<\/strong><\/span><\/p>\n<p><img loading=\"lazy\" class=\"aligncenter size-large wp-image-22506\" src=\"http:\/\/www.revistarescatados.com.ar\/web\/wp-content\/uploads\/2024\/08\/Registro-Civil-Calchaqui-1024x577.jpg\" alt=\"\" width=\"1024\" height=\"577\" srcset=\"https:\/\/www.revistarescatados.com.ar\/web\/wp-content\/uploads\/2024\/08\/Registro-Civil-Calchaqui-1024x577.jpg 1024w, https:\/\/www.revistarescatados.com.ar\/web\/wp-content\/uploads\/2024\/08\/Registro-Civil-Calchaqui-300x169.jpg 300w, https:\/\/www.revistarescatados.com.ar\/web\/wp-content\/uploads\/2024\/08\/Registro-Civil-Calchaqui-768x432.jpg 768w, https:\/\/www.revistarescatados.com.ar\/web\/wp-content\/uploads\/2024\/08\/Registro-Civil-Calchaqui-1536x865.jpg 1536w, https:\/\/www.revistarescatados.com.ar\/web\/wp-content\/uploads\/2024\/08\/Registro-Civil-Calchaqui.jpg 2048w\" sizes=\"(max-width: 1024px) 100vw, 1024px\" \/><br \/>\nDel acto particip\u00f3 la presidente del HCM Mirna Paulon junto a la edil Tamara Aquino, adem\u00e1s del secretario de Gesti\u00f3n de Registros Provinciales, Mat\u00edas Figueroa Escauriza,director provincial de Registro Civil Sergio Duarte y la subsecretaria de vinculacion territorial Juliana Caillat , el jefe de la Oficina local H\u00e9ctor Lissa y los empleados.<\/p>\n<p>Adem\u00e1s se entregaron materiales para la refacciones edilicias de las oficinas. Cabe se\u00f1alar la importancia en la vida civil del registro, que lleva a cabo cientos de tr\u00e1mites mensuales para los vecinos de la localidad y la regi\u00f3n.<\/p>\n<p><a href=\"https:\/\/www.facebook.com\/100063645937298\/videos\/440077079018403\"><span style=\"color: #0000ff;\"><strong>VIDEO DEL ACTO<\/strong><\/span><\/a><\/p>\n","protected":false},"excerpt":{"rendered":"<p>Con el nuevo equipamiento entregado el pasado viernes 23 de agosto, se duplicar\u00e1n los tr\u00e1mites que se realizan en la oficina local que funciona en La Casa del Pueblo. Del acto particip\u00f3&#46;&#46;&#46;<\/p>\n","protected":false},"author":1,"featured_media":22506,"comment_status":"closed","ping_status":"closed","sticky":false,"template":"","format":"standard","meta":[],"categories":[2,3,16,10,8],"tags":[],"_links":{"self":[{"href":"https:\/\/www.revistarescatados.com.ar\/web\/wp-json\/wp\/v2\/posts\/22505"}],"collection":[{"href":"https:\/\/www.revistarescatados.com.ar\/web\/wp-json\/wp\/v2\/posts"}],"about":[{"href":"https:\/\/www.revistarescatados.com.ar\/web\/wp-json\/wp\/v2\/types\/post"}],"author":[{"embeddable":true,"href":"https:\/\/www.revistarescatados.com.ar\/web\/wp-json\/wp\/v2\/users\/1"}],"replies":[{"embeddable":true,"href":"https:\/\/www.revistarescatados.com.ar\/web\/wp-json\/wp\/v2\/comments?post=22505"}],"version-history":[{"count":1,"href":"https:\/\/www.revistarescatados.com.ar\/web\/wp-json\/wp\/v2\/posts\/22505\/revisions"}],"predecessor-version":[{"id":22507,"href":"https:\/\/www.revistarescatados.com.ar\/web\/wp-json\/wp\/v2\/posts\/22505\/revisions\/22507"}],"wp:featuredmedia":[{"embeddable":true,"href":"https:\/\/www.revistarescatados.com.ar\/web\/wp-json\/wp\/v2\/media\/22506"}],"wp:attachment":[{"href":"https:\/\/www.revistarescatados.com.ar\/web\/wp-json\/wp\/v2\/media?parent=22505"}],"wp:term":[{"taxonomy":"category","embeddable":true,"href":"https:\/\/www.revistarescatados.com.ar\/web\/wp-json\/wp\/v2\/categories?post=22505"},{"taxonomy":"post_tag","embeddable":true,"href":"https:\/\/www.revistarescatados.com.ar\/web\/wp-json\/wp\/v2\/tags?post=22505"}],"curies":[{"name":"wp","href":"https:\/\/api.w.org\/{rel}","templated":true}]}}