{"id":22521,"date":"2024-08-28T16:29:21","date_gmt":"2024-08-28T19:29:21","guid":{"rendered":"https:\/\/www.revistarescatados.com.ar\/web\/?p=22521"},"modified":"2024-08-28T16:29:21","modified_gmt":"2024-08-28T19:29:21","slug":"camionero-paraguayo-fallecio-en-el-vuelco-de-su-camion-en-el-ex-peaje-de-videla","status":"publish","type":"post","link":"https:\/\/www.revistarescatados.com.ar\/web\/2024\/08\/28\/camionero-paraguayo-fallecio-en-el-vuelco-de-su-camion-en-el-ex-peaje-de-videla\/","title":{"rendered":"Camionero paraguayo falleci\u00f3 en el vuelco de su cami\u00f3n en el ex peaje de Videla"},"content":{"rendered":"<p><span style=\"color: #0000ff;\"><strong>El siniestro vial ocurri\u00f3 en el km 541 de la ruta nacional 11 y fue sin la intervenci\u00f3n de otros veh\u00edculos. La v\u00edctima fue identificada como Cristhian Pera de nacionalidad paraguaya.<\/strong><\/span><\/p>\n<p><img loading=\"lazy\" class=\"aligncenter size-large wp-image-22522\" src=\"http:\/\/www.revistarescatados.com.ar\/web\/wp-content\/uploads\/2024\/08\/camion-volcado-en-Videla-1024x576.jpg\" alt=\"\" width=\"1024\" height=\"576\" srcset=\"https:\/\/www.revistarescatados.com.ar\/web\/wp-content\/uploads\/2024\/08\/camion-volcado-en-Videla-1024x576.jpg 1024w, https:\/\/www.revistarescatados.com.ar\/web\/wp-content\/uploads\/2024\/08\/camion-volcado-en-Videla-300x169.jpg 300w, https:\/\/www.revistarescatados.com.ar\/web\/wp-content\/uploads\/2024\/08\/camion-volcado-en-Videla-768x432.jpg 768w, https:\/\/www.revistarescatados.com.ar\/web\/wp-content\/uploads\/2024\/08\/camion-volcado-en-Videla-1536x864.jpg 1536w, https:\/\/www.revistarescatados.com.ar\/web\/wp-content\/uploads\/2024\/08\/camion-volcado-en-Videla.jpg 1600w\" sizes=\"(max-width: 1024px) 100vw, 1024px\" \/><\/p>\n<p>El d\u00eda 27 de agosto a la siesta se recibi\u00f3 llamado an\u00f3nimo, dando conocimiento de un accidente de tr\u00e1nsito sobre Ruta Nacional N\u00ba 11 del Ex Peaje Videla, hacia el cardinal sur.<\/p>\n<p>Constituidos en Ruta 11 km 541 aproximado, se puede observar un cami\u00f3n Scania color rojo de nacionalidad paraguaya, con acoplado con carga, que aparentemente circulaba de sur a norte, el cual se encuentra volcado de lateral, con su frente hacia el cardinal norte, y ruedas hacia el este, sobre zanjado lateral oeste de la ruta, sin observarse intervenci\u00f3n de otro veh\u00edculo.<\/p>\n<p>Aboc\u00e1ndonos en dicho veh\u00edculo, el cual contaba con la cabina del chofer parcialmente destruida, realizando llamados desde el exterior sin recibir respuesta por parte del chofer, quien aparentemente se encontraba en el interior sin vida.<\/p>\n<p>Por lo que se solicit\u00f3 presencia en el lugar, a personal de PDI, Medico Policial, y a Bomberos Voluntarios. Presentes en el lugar, personal de bomberos voluntarios, logra abrir lugar para que el m\u00e9dico policial pueda ingresar y certificar la defunci\u00f3n del chofer del veh\u00edculo quien en vida fuera Cristhian Pera de nacionalidad paraguaya, \u00fanicos datos recabados.<\/p>\n<p>El m\u00e9dico policial no aconsejo autopsia, continuando personal de bomberos con las tareas en el lugar a los fines de poder sacar al \u00f3bito del interior del veh\u00edculo. Consultado Dr. Ben\u00edtez Dispuso: que una vez retirado el cad\u00e1ver se extraiga humor v\u00edtreo, y se haga entrega a sus familiares.<\/p>\n<p>Logrando sacar el cuerpo y traslado del mismo a la morgue de San Justo, siendo las 21:00 horas. Actuaciones caratuladas a prima facie \u201cSU MUERTE EN ACCIDENTE DE TRANSITO\u201d.<\/p>\n","protected":false},"excerpt":{"rendered":"<p>El siniestro vial ocurri\u00f3 en el km 541 de la ruta nacional 11 y fue sin la intervenci\u00f3n de otros veh\u00edculos. La v\u00edctima fue identificada como Cristhian Pera de nacionalidad paraguaya. El&#46;&#46;&#46;<\/p>\n","protected":false},"author":1,"featured_media":22522,"comment_status":"closed","ping_status":"closed","sticky":false,"template":"","format":"standard","meta":[],"categories":[4,16,11,14],"tags":[],"_links":{"self":[{"href":"https:\/\/www.revistarescatados.com.ar\/web\/wp-json\/wp\/v2\/posts\/22521"}],"collection":[{"href":"https:\/\/www.revistarescatados.com.ar\/web\/wp-json\/wp\/v2\/posts"}],"about":[{"href":"https:\/\/www.revistarescatados.com.ar\/web\/wp-json\/wp\/v2\/types\/post"}],"author":[{"embeddable":true,"href":"https:\/\/www.revistarescatados.com.ar\/web\/wp-json\/wp\/v2\/users\/1"}],"replies":[{"embeddable":true,"href":"https:\/\/www.revistarescatados.com.ar\/web\/wp-json\/wp\/v2\/comments?post=22521"}],"version-history":[{"count":1,"href":"https:\/\/www.revistarescatados.com.ar\/web\/wp-json\/wp\/v2\/posts\/22521\/revisions"}],"predecessor-version":[{"id":22523,"href":"https:\/\/www.revistarescatados.com.ar\/web\/wp-json\/wp\/v2\/posts\/22521\/revisions\/22523"}],"wp:featuredmedia":[{"embeddable":true,"href":"https:\/\/www.revistarescatados.com.ar\/web\/wp-json\/wp\/v2\/media\/22522"}],"wp:attachment":[{"href":"https:\/\/www.revistarescatados.com.ar\/web\/wp-json\/wp\/v2\/media?parent=22521"}],"wp:term":[{"taxonomy":"category","embeddable":true,"href":"https:\/\/www.revistarescatados.com.ar\/web\/wp-json\/wp\/v2\/categories?post=22521"},{"taxonomy":"post_tag","embeddable":true,"href":"https:\/\/www.revistarescatados.com.ar\/web\/wp-json\/wp\/v2\/tags?post=22521"}],"curies":[{"name":"wp","href":"https:\/\/api.w.org\/{rel}","templated":true}]}}