{"id":22564,"date":"2024-09-04T02:44:58","date_gmt":"2024-09-04T05:44:58","guid":{"rendered":"https:\/\/www.revistarescatados.com.ar\/web\/?p=22564"},"modified":"2024-09-04T02:44:58","modified_gmt":"2024-09-04T05:44:58","slug":"calchaqui-cumplio-39-anos-de-ser-declarada-ciudad","status":"publish","type":"post","link":"https:\/\/www.revistarescatados.com.ar\/web\/2024\/09\/04\/calchaqui-cumplio-39-anos-de-ser-declarada-ciudad\/","title":{"rendered":"Calchaqu\u00ed cumpli\u00f3 39 a\u00f1os de ser declarada ciudad"},"content":{"rendered":"<p>&nbsp;<\/p>\n<p><strong>El 3 de septiembre de 1985 \u2013 a instancias del entonces senador Guillermo Herbin Berli \u2013 fue declarada ciudad por la legislatura santafesina. Su fecha fundacional es el 21 de octubre de 1889. Hasta 1964 se denomin\u00f3 al pueblo como Luis D\u2019Abreu, cuando tom\u00f3 el nombre de la estaci\u00f3n de trenes. La localidad fue pionera en la industria del tanino.\u00a0<\/strong><\/p>\n<p><strong> <img loading=\"lazy\" class=\"aligncenter size-large wp-image-19815\" src=\"http:\/\/www.revistarescatados.com.ar\/web\/wp-content\/uploads\/2023\/05\/calchaqui-1024x947.jpg\" alt=\"\" width=\"1024\" height=\"947\" srcset=\"https:\/\/www.revistarescatados.com.ar\/web\/wp-content\/uploads\/2023\/05\/calchaqui-1024x947.jpg 1024w, https:\/\/www.revistarescatados.com.ar\/web\/wp-content\/uploads\/2023\/05\/calchaqui-300x277.jpg 300w, https:\/\/www.revistarescatados.com.ar\/web\/wp-content\/uploads\/2023\/05\/calchaqui-768x710.jpg 768w, https:\/\/www.revistarescatados.com.ar\/web\/wp-content\/uploads\/2023\/05\/calchaqui.jpg 1523w\" sizes=\"(max-width: 1024px) 100vw, 1024px\" \/><\/strong><\/p>\n<p>Su origen urbano, comienza con la denominada Colonia Luis D\u2019Abreu, sobre terrenos donados de acuerdo con la ley del 6 de diciembre de 1887, por el Banco Colonizador Nacional. En el a\u00f1o 1886, siendo Gobernador de la Provincia, Nicasio Oro\u00f1o, se propone impulsar el Comercio con otras Provincias, en especial con las del Noroeste, utilizando la antigua senda llamada de los &#8220;Chipiacas&#8221;, (caballo en mocov\u00ed), que part\u00eda de Santa Fe y que, a la altura de Calchaqu\u00ed, se comunicaba con distintos lugares como C\u00f3rdoba, Santiago del Estero y Tucum\u00e1n, buscando incluso la comunicaci\u00f3n con la ruta del Per\u00fa.<\/p>\n<p>El dos de enero del a\u00f1o 1885, el Gobierno de Santa Fe, ya hab\u00eda autorizado por la Legislatura la construcci\u00f3n de una l\u00ednea ferroviaria de trocha angosta que, saliendo de Santa Fe, llegara hasta la ciudad de Reconquista, comenzando los trabajos dos a\u00f1os m\u00e1s tarde.<\/p>\n<p>Seg\u00fan el centro de Estudios Hist\u00f3ricos Ferroviarios de Ferrocarriles Argentinos, el ramal Escalada- Calchaqu\u00ed (78,720 kms.), fue habilitado al servicio p\u00fablico en forma efectiva el 1 de setiembre de 1889. En 1890 se destinaron aproximadamente doscientas hect\u00e1reas para la zona urbana, que se organiz\u00f3 con sus manzanas de regulares de 1ha. aproximadamente, en forma de damero.<\/p>\n<p><strong>Su fecha fundacional es el 21 de octubre de 1889<\/strong>. Hasta 1964 se denomin\u00f3 al pueblo como Luis D\u2019Abreu.<\/p>\n<p><img loading=\"lazy\" class=\"aligncenter size-full wp-image-22565\" src=\"http:\/\/www.revistarescatados.com.ar\/web\/wp-content\/uploads\/2024\/09\/chimenea-de-La-Forestal.jpg\" alt=\"\" width=\"609\" height=\"901\" srcset=\"https:\/\/www.revistarescatados.com.ar\/web\/wp-content\/uploads\/2024\/09\/chimenea-de-La-Forestal.jpg 609w, https:\/\/www.revistarescatados.com.ar\/web\/wp-content\/uploads\/2024\/09\/chimenea-de-La-Forestal-203x300.jpg 203w\" sizes=\"(max-width: 609px) 100vw, 609px\" \/><\/p>\n<p><strong>La localidad fue pionera en la industria del tanino.<\/strong> Aqu\u00ed comenz\u00f3 a funcionar el emprendimiento maderero del empresario alem\u00e1n Carlos Harteneck, que dio origen a la m\u00edtica empresa La Forestal. La f\u00e1brica funcion\u00f3 hasta el a\u00f1o 1914, cuando inici\u00f3 la primera guerra mundial. La chimenea fue derribada en la d\u00e9cada de 1940.<\/p>\n<p>Sin embargo, el 24 de octubre de 1964 pasa a llamarse, por ley Provincial \u201cCalchaqu\u00ed\u201d a los fines de unificar el nombre de la localidad con el la Estaci\u00f3n de Ferrocarril.<\/p>\n<p>El 3 de setiembre de 1985 llega a la categor\u00eda de ciudad, y es inscripta como tal, seg\u00fan la Constituci\u00f3n de la Provincia y por el art. 1\u00ba de la ley n\u00ba 2756 (Org\u00e1nica de Municipalidades).<\/p>\n<p><strong>Seg\u00fan el censo del a\u00f1o 2022, la actual \u00a0poblaci\u00f3n de la ciudad asciende a 12.788 habitantes.<\/strong> Cabe se\u00f1alar que en el censo del a\u00f1o 2010, el registro poblacional fue de 11.021 habitantes.<\/p>\n","protected":false},"excerpt":{"rendered":"<p>&nbsp; El 3 de septiembre de 1985 \u2013 a instancias del entonces senador Guillermo Herbin Berli \u2013 fue declarada ciudad por la legislatura santafesina. Su fecha fundacional es el 21 de octubre&#46;&#46;&#46;<\/p>\n","protected":false},"author":1,"featured_media":19815,"comment_status":"closed","ping_status":"closed","sticky":false,"template":"","format":"standard","meta":[],"categories":[2,3,16,8],"tags":[],"_links":{"self":[{"href":"https:\/\/www.revistarescatados.com.ar\/web\/wp-json\/wp\/v2\/posts\/22564"}],"collection":[{"href":"https:\/\/www.revistarescatados.com.ar\/web\/wp-json\/wp\/v2\/posts"}],"about":[{"href":"https:\/\/www.revistarescatados.com.ar\/web\/wp-json\/wp\/v2\/types\/post"}],"author":[{"embeddable":true,"href":"https:\/\/www.revistarescatados.com.ar\/web\/wp-json\/wp\/v2\/users\/1"}],"replies":[{"embeddable":true,"href":"https:\/\/www.revistarescatados.com.ar\/web\/wp-json\/wp\/v2\/comments?post=22564"}],"version-history":[{"count":1,"href":"https:\/\/www.revistarescatados.com.ar\/web\/wp-json\/wp\/v2\/posts\/22564\/revisions"}],"predecessor-version":[{"id":22566,"href":"https:\/\/www.revistarescatados.com.ar\/web\/wp-json\/wp\/v2\/posts\/22564\/revisions\/22566"}],"wp:featuredmedia":[{"embeddable":true,"href":"https:\/\/www.revistarescatados.com.ar\/web\/wp-json\/wp\/v2\/media\/19815"}],"wp:attachment":[{"href":"https:\/\/www.revistarescatados.com.ar\/web\/wp-json\/wp\/v2\/media?parent=22564"}],"wp:term":[{"taxonomy":"category","embeddable":true,"href":"https:\/\/www.revistarescatados.com.ar\/web\/wp-json\/wp\/v2\/categories?post=22564"},{"taxonomy":"post_tag","embeddable":true,"href":"https:\/\/www.revistarescatados.com.ar\/web\/wp-json\/wp\/v2\/tags?post=22564"}],"curies":[{"name":"wp","href":"https:\/\/api.w.org\/{rel}","templated":true}]}}