{"id":22567,"date":"2024-09-05T01:23:51","date_gmt":"2024-09-05T04:23:51","guid":{"rendered":"https:\/\/www.revistarescatados.com.ar\/web\/?p=22567"},"modified":"2024-09-05T01:23:51","modified_gmt":"2024-09-05T04:23:51","slug":"rojas-la-provincia-sigue-invirtiendo-y-avanzando-en-obras-fundamentales-para-el-norte","status":"publish","type":"post","link":"https:\/\/www.revistarescatados.com.ar\/web\/2024\/09\/05\/rojas-la-provincia-sigue-invirtiendo-y-avanzando-en-obras-fundamentales-para-el-norte\/","title":{"rendered":"Rojas: \u201cLa provincia sigue invirtiendo y avanzando en obras fundamentales para el norte\u201d"},"content":{"rendered":"<p><strong>As\u00ed lo manifest\u00f3 el diputado provincial Chiqui Rojas, luego de la recorrida que realizaron junto al ministro de Obras P\u00fablicas Lisandro Enrico por el departamento Vera.<\/strong><\/p>\n<p><img loading=\"lazy\" class=\"aligncenter size-large wp-image-22568\" src=\"http:\/\/www.revistarescatados.com.ar\/web\/wp-content\/uploads\/2024\/09\/Enrico-en-La-Gallareta-1024x769.jpg\" alt=\"\" width=\"1024\" height=\"769\" srcset=\"https:\/\/www.revistarescatados.com.ar\/web\/wp-content\/uploads\/2024\/09\/Enrico-en-La-Gallareta-1024x769.jpg 1024w, https:\/\/www.revistarescatados.com.ar\/web\/wp-content\/uploads\/2024\/09\/Enrico-en-La-Gallareta-300x225.jpg 300w, https:\/\/www.revistarescatados.com.ar\/web\/wp-content\/uploads\/2024\/09\/Enrico-en-La-Gallareta-768x577.jpg 768w, https:\/\/www.revistarescatados.com.ar\/web\/wp-content\/uploads\/2024\/09\/Enrico-en-La-Gallareta.jpg 1420w\" sizes=\"(max-width: 1024px) 100vw, 1024px\" \/><br \/>\n\u201cLa provincia est\u00e1 haciendo un esfuerzo muy grande no s\u00f3lo para retomar y continuar las obras en ejecuci\u00f3n, sino licitar nuevas obras, haci\u00e9ndose cargo tambi\u00e9n de obras que le corresponden al gobierno nacional, la m\u00e1s notoria de ellas el mantenimiento de la Ruta 11.<\/p>\n<p>En Vera, el ministro encabez\u00f3 el acto de apertura de sobres para la ampliaci\u00f3n de la red cloacal de Vera, uno de los grandes d\u00e9ficits que tenemos en nuestra ciudad, que por su tama\u00f1o e importancia es muy bajo el acceso. Esta obra va a beneficiar a m\u00e1s de 1500 vecinos y vecinas, es realmente significativa.<\/p>\n<p>En cuanto a rutas, se retom\u00f3 la obra de finalizaci\u00f3n del pavimento de la Ruta 3, el \u00faltimo trecho entre Ca\u00f1ada Omb\u00fa y Los Amores, algo que hab\u00eda anunciado el gobernador, y contin\u00faa el avance del ripio para la Ruta 87s, muy importante tanto para el departamento Vera como San Javier. Esto incluye tambi\u00e9n no solo caminos sino obras complementarias como puentes y accesos.<\/p>\n<p>Mejorar conectividad es esencial para la producci\u00f3n, para garantizar el traslado de docentes y el acceso a la educaci\u00f3n, a la salud, y fortalecer el arraigo, sobre todo en nuestra regi\u00f3n, que cuenta con mucha poblaci\u00f3n rural.<\/p>\n<p><img loading=\"lazy\" class=\"aligncenter size-large wp-image-22569\" src=\"http:\/\/www.revistarescatados.com.ar\/web\/wp-content\/uploads\/2024\/09\/Enrico-en-Los-Amores-1024x768.jpg\" alt=\"\" width=\"1024\" height=\"768\" srcset=\"https:\/\/www.revistarescatados.com.ar\/web\/wp-content\/uploads\/2024\/09\/Enrico-en-Los-Amores-1024x768.jpg 1024w, https:\/\/www.revistarescatados.com.ar\/web\/wp-content\/uploads\/2024\/09\/Enrico-en-Los-Amores-300x225.jpg 300w, https:\/\/www.revistarescatados.com.ar\/web\/wp-content\/uploads\/2024\/09\/Enrico-en-Los-Amores-768x576.jpg 768w, https:\/\/www.revistarescatados.com.ar\/web\/wp-content\/uploads\/2024\/09\/Enrico-en-Los-Amores.jpg 1066w\" sizes=\"(max-width: 1024px) 100vw, 1024px\" \/><br \/>\nEn la Cu\u00f1a, adem\u00e1s de la ruta 3, una obra simb\u00f3lica que estimamos estar\u00e1 finalizada durante el primer semestre del a\u00f1os que viene, estamos muy pr\u00f3ximos a habilitar el servicio de agua potable para el Paraje 115, otro reclamo hist\u00f3rico, y tambi\u00e9n se retomaron las obras de defensa h\u00eddrica para Los Amores.<\/p>\n<p>Nuevamente agradecemos al ministro y su equipo por venir a nuestro norte, tambi\u00e9n al director provincial de Vialidad Pablo Seghezzo, es muy importante que puedan ver las obras, su avance, as\u00ed como conocer las necesidades particulares de cada regi\u00f3n, para articular y diagramar las pr\u00f3ximas obras.\u201d<\/p>\n<p>&nbsp;<\/p>\n","protected":false},"excerpt":{"rendered":"<p>As\u00ed lo manifest\u00f3 el diputado provincial Chiqui Rojas, luego de la recorrida que realizaron junto al ministro de Obras P\u00fablicas Lisandro Enrico por el departamento Vera. \u201cLa provincia est\u00e1 haciendo un esfuerzo&#46;&#46;&#46;<\/p>\n","protected":false},"author":1,"featured_media":22568,"comment_status":"closed","ping_status":"closed","sticky":false,"template":"","format":"standard","meta":[],"categories":[3,16,10,14,8],"tags":[],"_links":{"self":[{"href":"https:\/\/www.revistarescatados.com.ar\/web\/wp-json\/wp\/v2\/posts\/22567"}],"collection":[{"href":"https:\/\/www.revistarescatados.com.ar\/web\/wp-json\/wp\/v2\/posts"}],"about":[{"href":"https:\/\/www.revistarescatados.com.ar\/web\/wp-json\/wp\/v2\/types\/post"}],"author":[{"embeddable":true,"href":"https:\/\/www.revistarescatados.com.ar\/web\/wp-json\/wp\/v2\/users\/1"}],"replies":[{"embeddable":true,"href":"https:\/\/www.revistarescatados.com.ar\/web\/wp-json\/wp\/v2\/comments?post=22567"}],"version-history":[{"count":1,"href":"https:\/\/www.revistarescatados.com.ar\/web\/wp-json\/wp\/v2\/posts\/22567\/revisions"}],"predecessor-version":[{"id":22570,"href":"https:\/\/www.revistarescatados.com.ar\/web\/wp-json\/wp\/v2\/posts\/22567\/revisions\/22570"}],"wp:featuredmedia":[{"embeddable":true,"href":"https:\/\/www.revistarescatados.com.ar\/web\/wp-json\/wp\/v2\/media\/22568"}],"wp:attachment":[{"href":"https:\/\/www.revistarescatados.com.ar\/web\/wp-json\/wp\/v2\/media?parent=22567"}],"wp:term":[{"taxonomy":"category","embeddable":true,"href":"https:\/\/www.revistarescatados.com.ar\/web\/wp-json\/wp\/v2\/categories?post=22567"},{"taxonomy":"post_tag","embeddable":true,"href":"https:\/\/www.revistarescatados.com.ar\/web\/wp-json\/wp\/v2\/tags?post=22567"}],"curies":[{"name":"wp","href":"https:\/\/api.w.org\/{rel}","templated":true}]}}