{"id":22573,"date":"2024-09-05T15:41:10","date_gmt":"2024-09-05T18:41:10","guid":{"rendered":"https:\/\/www.revistarescatados.com.ar\/web\/?p=22573"},"modified":"2024-09-05T15:41:10","modified_gmt":"2024-09-05T18:41:10","slug":"fallecio-un-automovilista-de-vera-en-el-siniestro-vial-de-calchaqui","status":"publish","type":"post","link":"https:\/\/www.revistarescatados.com.ar\/web\/2024\/09\/05\/fallecio-un-automovilista-de-vera-en-el-siniestro-vial-de-calchaqui\/","title":{"rendered":"Falleci\u00f3 un automovilista de Vera en el siniestro vial de Calchaqu\u00ed"},"content":{"rendered":"<p>&nbsp;<\/p>\n<p><strong>Ocurri\u00f3 este 5 de septiembre el km 682 de la ruta 11, entre un cami\u00f3n paraguayo y un auto. La v\u00edctima era polic\u00eda, ten\u00eda 50 a\u00f1os y fue identificado como Cristian Jos\u00e9 Bonaldi.<\/strong><\/p>\n<p><img loading=\"lazy\" class=\"aligncenter size-full wp-image-22574\" src=\"http:\/\/www.revistarescatados.com.ar\/web\/wp-content\/uploads\/2024\/09\/siniestro-vial-calchaqui.jpg\" alt=\"\" width=\"809\" height=\"356\" srcset=\"https:\/\/www.revistarescatados.com.ar\/web\/wp-content\/uploads\/2024\/09\/siniestro-vial-calchaqui.jpg 809w, https:\/\/www.revistarescatados.com.ar\/web\/wp-content\/uploads\/2024\/09\/siniestro-vial-calchaqui-300x132.jpg 300w, https:\/\/www.revistarescatados.com.ar\/web\/wp-content\/uploads\/2024\/09\/siniestro-vial-calchaqui-768x338.jpg 768w\" sizes=\"(max-width: 809px) 100vw, 809px\" \/><\/p>\n<p>A las 07:15 se toma conocimiento\u00a0 que entre los km 682\/683 de Ruta Nacional N\u00b0 11, se hab\u00eda producido\u00a0 accidente de tr\u00e1nsito con lesionados.\u00a0 Por causas que se\u00a0 tratan de establecer, se produjo el choque entre un auto y un cami\u00f3n.<\/p>\n<p>&nbsp;<\/p>\n<p>El\u00a0 cami\u00f3n de marca\u00a0 SCANIA\u00a0 color blanco, con semiremolque era conducido por un joven\u00a0 de nacionalidad paraguaya de 27 a\u00f1os de edad, quien era acompa\u00f1ado por un hombre de nacionalidad Paraguaya, de 31 a\u00f1os de edad.<\/p>\n<p>El auto marca\u00a0 TOYOTA ETIOS, de color gris,\u00a0\u00a0 guiado por un hombre Cristian Bonaldi de 50 a\u00f1os, siendo acompa\u00f1ado por su hermano Gonzalo Bonaldi de 38 a\u00f1os y su hija Julieta Bonaldi de 22 a\u00f1os de edad.<\/p>\n<p>&nbsp;<\/p>\n<p>En ambulancia del SEM (Servicios de Emergencias Municipal) se procedi\u00f3 al traslado de los ocupantes de los veh\u00edculos a sede del Hospital de Calchaqu\u00ed, donde fueron examinados por medico en turno. En dicho nosocomio se produce el deceso del conductor del veh\u00edculo menor porte.\u00a0 Se dio conocimiento al fiscal en turno, quien ordeno diligencias de rigor para este tipo de actuaciones.<\/p>\n<p>&nbsp;<\/p>\n<p>En el lugar trabajaron bomberos voluntarios de Calchaqu\u00ed, agencia de seguridad vial base Vera, PDI Vera. El transito se mantuvo cortado, siendo este liberado realizadas las diligencias en el lugar y luego controlado por personal de la agencia\u00a0 de seguridad vial. Relacionado a los veh\u00edculos\u00a0 participes de\u00a0 la colisi\u00f3n, por orden fiscal quedan secuestrados.<\/p>\n<p>&nbsp;<\/p>\n<p><a href=\"https:\/\/web.facebook.com\/photo\/?fbid=1078956254235896&amp;set=pcb.1078956860902502\"><strong>MAS FOTOS<\/strong><\/a><\/p>\n","protected":false},"excerpt":{"rendered":"<p>&nbsp; Ocurri\u00f3 este 5 de septiembre el km 682 de la ruta 11, entre un cami\u00f3n paraguayo y un auto. La v\u00edctima era polic\u00eda, ten\u00eda 50 a\u00f1os y fue identificado como Cristian&#46;&#46;&#46;<\/p>\n","protected":false},"author":1,"featured_media":22574,"comment_status":"closed","ping_status":"closed","sticky":false,"template":"","format":"standard","meta":[],"categories":[2,3,16,11],"tags":[],"_links":{"self":[{"href":"https:\/\/www.revistarescatados.com.ar\/web\/wp-json\/wp\/v2\/posts\/22573"}],"collection":[{"href":"https:\/\/www.revistarescatados.com.ar\/web\/wp-json\/wp\/v2\/posts"}],"about":[{"href":"https:\/\/www.revistarescatados.com.ar\/web\/wp-json\/wp\/v2\/types\/post"}],"author":[{"embeddable":true,"href":"https:\/\/www.revistarescatados.com.ar\/web\/wp-json\/wp\/v2\/users\/1"}],"replies":[{"embeddable":true,"href":"https:\/\/www.revistarescatados.com.ar\/web\/wp-json\/wp\/v2\/comments?post=22573"}],"version-history":[{"count":1,"href":"https:\/\/www.revistarescatados.com.ar\/web\/wp-json\/wp\/v2\/posts\/22573\/revisions"}],"predecessor-version":[{"id":22575,"href":"https:\/\/www.revistarescatados.com.ar\/web\/wp-json\/wp\/v2\/posts\/22573\/revisions\/22575"}],"wp:featuredmedia":[{"embeddable":true,"href":"https:\/\/www.revistarescatados.com.ar\/web\/wp-json\/wp\/v2\/media\/22574"}],"wp:attachment":[{"href":"https:\/\/www.revistarescatados.com.ar\/web\/wp-json\/wp\/v2\/media?parent=22573"}],"wp:term":[{"taxonomy":"category","embeddable":true,"href":"https:\/\/www.revistarescatados.com.ar\/web\/wp-json\/wp\/v2\/categories?post=22573"},{"taxonomy":"post_tag","embeddable":true,"href":"https:\/\/www.revistarescatados.com.ar\/web\/wp-json\/wp\/v2\/tags?post=22573"}],"curies":[{"name":"wp","href":"https:\/\/api.w.org\/{rel}","templated":true}]}}