{"id":22599,"date":"2024-09-10T15:35:57","date_gmt":"2024-09-10T18:35:57","guid":{"rendered":"https:\/\/www.revistarescatados.com.ar\/web\/?p=22599"},"modified":"2024-09-10T15:35:57","modified_gmt":"2024-09-10T18:35:57","slug":"provincia-presento-su-bateria-de-creditos-en-la-expo-rural-de-vera","status":"publish","type":"post","link":"https:\/\/www.revistarescatados.com.ar\/web\/2024\/09\/10\/provincia-presento-su-bateria-de-creditos-en-la-expo-rural-de-vera\/","title":{"rendered":"Provincia present\u00f3 su bater\u00eda de cr\u00e9ditos en la Expo Rural de Vera"},"content":{"rendered":"<p>&nbsp;<\/p>\n<p><strong>Del jueves al domingo, la edici\u00f3n 74 propuso charlas t\u00e9cnicas, exposiciones, desfiles y eventos culturales. La provincia llev\u00f3 \u201cSanta Fe Activa\u201d, su potente propuesta de financiamientos, apoyando a la comunidad ganadera.<\/strong><\/p>\n<p>&nbsp;<\/p>\n<p><img loading=\"lazy\" class=\"aligncenter size-large wp-image-22600\" src=\"http:\/\/www.revistarescatados.com.ar\/web\/wp-content\/uploads\/2024\/09\/Expo-Rural-Vera-1024x683.jpg\" alt=\"\" width=\"1024\" height=\"683\" srcset=\"https:\/\/www.revistarescatados.com.ar\/web\/wp-content\/uploads\/2024\/09\/Expo-Rural-Vera-1024x683.jpg 1024w, https:\/\/www.revistarescatados.com.ar\/web\/wp-content\/uploads\/2024\/09\/Expo-Rural-Vera-300x200.jpg 300w, https:\/\/www.revistarescatados.com.ar\/web\/wp-content\/uploads\/2024\/09\/Expo-Rural-Vera-768x512.jpg 768w, https:\/\/www.revistarescatados.com.ar\/web\/wp-content\/uploads\/2024\/09\/Expo-Rural-Vera-1536x1024.jpg 1536w, https:\/\/www.revistarescatados.com.ar\/web\/wp-content\/uploads\/2024\/09\/Expo-Rural-Vera.jpg 1600w\" sizes=\"(max-width: 1024px) 100vw, 1024px\" \/><\/p>\n<p>Vera vivi\u00f3 la 74\u00aa Exposici\u00f3n de Ganader\u00eda, Agricultura, Industria, Comercio y Granja, un encuentro que se afianza a\u00f1o a a\u00f1o como una de las citas ineludibles del sector en la regi\u00f3n. En esta oportunidad, la muestra estuvo orientada a la capacitaci\u00f3n con charlas t\u00e9cnicas y actividades pr\u00e1cticas para los asistentes.<\/p>\n<p>El Gobierno de Santa Fe, a trav\u00e9s del Ministerio de Desarrollo Productivo, acompa\u00f1\u00f3 este gran evento con un espacio institucional y brindando informaci\u00f3n sobre las herramientas disponibles para el sector: \u201cEl campo es el motor que dinamiza toda nuestra econom\u00eda, es nuestro modelo y nuestro basti\u00f3n. El pa\u00eds va a salir adelante si escucha al campo, si lo apoya y le da las herramientas para crecer e invertir. Lo tenemos muy claro y lo defendemos. Por eso estamos aqu\u00ed en Vera, para dar muestras muy concretas de que estamos a su lado con instrumentos accesibles y necesarios\u201d, afirm\u00f3 el titular de la cartera, Gustavo Puccini.<\/p>\n<p>La presentaci\u00f3n de los cr\u00e9ditos estuvo a cargo de representantes de la Secretar\u00eda de Agricultura y Ganader\u00eda, quienes brindaron una charla sobre las diversas fuentes de financiamiento para las cadenas de valor presentes en el territorio.<\/p>\n<p>El secretario de Agricultura y Ganader\u00eda, Ignacio M\u00e1ntaras consider\u00f3 fundamental la instancia de llevar las l\u00edneas crediticias al territorio y a los foros m\u00e1s emblem\u00e1ticos de la comunidad ganadera: \u201cEn lugar de los productores tener que tocar puertas, nosotros desde el Gobierno de Santa Fe, les acercamos mano a mano nuestras propuestas. Expo Vera es un encuentro de referencia, una instancia clave para que los productores de la zona conozcan en profundidad las herramientas que tienen a disposici\u00f3n y puedan ser asesorados personalmente\u201d.<\/p>\n<p>\u201cAdem\u00e1s de las capacitaciones, foros, misiones comerciales, participaci\u00f3n en ferias y rondas de negocios, contamos con el programa de fomento Santa Fe Activa, que renov\u00f3 el cupo de las l\u00edneas que lanz\u00f3 en Agroactiva junto al Banco Naci\u00f3n. En esa primera instancia, se destinaron 17 mil millones de pesos; sin embargo, dado el exitoso recibimiento de esta iniciativa, se agot\u00f3 el cupo y se ampli\u00f3 en 3.000 millones adicionales. A finales de agosto, dado que ese cupo volvi\u00f3 a agotarse, anunciamos una nueva ampliaci\u00f3n. Inyectamos 10 mil millones m\u00e1s destinados a micro, peque\u00f1as y medianas empresas de todos los sectores econ\u00f3micos\u201d, explic\u00f3 el director de Administraci\u00f3n y Finanzas, Juan Pablo Bastistelli.<\/p>\n<p>&nbsp;<\/p>\n<p><strong>Sobre Santa Fe Activa<\/strong><\/p>\n<p>En busca de potenciar el desarrollo productivo santafesino activando la econom\u00eda para contribuir al crecimiento regional, la provincia impulsa el Programa Santa Fe Activa, una bater\u00eda de l\u00edneas de financiamiento para el campo, la industria, el comercio, el turismo, la ciencia, la innovaci\u00f3n y el transporte; bajo un esquema de articulaci\u00f3n con distintas entidades financieras.<\/p>\n<p><strong>Una muestra con capacitaci\u00f3n, tradici\u00f3n y recreaci\u00f3n<\/strong><\/p>\n<p>La Expo, organizada por la firma Ganaderos de Ceres Cooperativa Limitada, contempl\u00f3 una variada agenda de formaci\u00f3n que abord\u00f3 la implementaci\u00f3n de nuevas tecnolog\u00edas para aumentar la producci\u00f3n, la trazabilidad de bovinos, la restauraci\u00f3n de pastizales y el mejoramiento gen\u00e9tico de rodeos de cr\u00edas comerciales; entre otros temas de inter\u00e9s. Una de las jornadas abord\u00f3 actividades en Las Gamas, en d\u00f3nde se presentaron sistemas de recr\u00eda a campo y se evaluaron gu\u00edas t\u00e9cnicas, brindando a los productores herramientas \u00fatiles para optimizar sus operaciones.<\/p>\n<p>Adem\u00e1s, las agrupaciones tradicionalistas llevaron adelante un desfile en las calles y en el predio, con pruebas de riendas. El \u00faltimo d\u00eda se llev\u00f3 a cabo un remate de productores y, como corolario, una bailanta popular.<\/p>\n<p>&nbsp;<\/p>\n","protected":false},"excerpt":{"rendered":"<p>&nbsp; Del jueves al domingo, la edici\u00f3n 74 propuso charlas t\u00e9cnicas, exposiciones, desfiles y eventos culturales. La provincia llev\u00f3 \u201cSanta Fe Activa\u201d, su potente propuesta de financiamientos, apoyando a la comunidad ganadera.&#46;&#46;&#46;<\/p>\n","protected":false},"author":1,"featured_media":22600,"comment_status":"closed","ping_status":"closed","sticky":false,"template":"","format":"standard","meta":[],"categories":[3,16,10,8],"tags":[],"_links":{"self":[{"href":"https:\/\/www.revistarescatados.com.ar\/web\/wp-json\/wp\/v2\/posts\/22599"}],"collection":[{"href":"https:\/\/www.revistarescatados.com.ar\/web\/wp-json\/wp\/v2\/posts"}],"about":[{"href":"https:\/\/www.revistarescatados.com.ar\/web\/wp-json\/wp\/v2\/types\/post"}],"author":[{"embeddable":true,"href":"https:\/\/www.revistarescatados.com.ar\/web\/wp-json\/wp\/v2\/users\/1"}],"replies":[{"embeddable":true,"href":"https:\/\/www.revistarescatados.com.ar\/web\/wp-json\/wp\/v2\/comments?post=22599"}],"version-history":[{"count":1,"href":"https:\/\/www.revistarescatados.com.ar\/web\/wp-json\/wp\/v2\/posts\/22599\/revisions"}],"predecessor-version":[{"id":22601,"href":"https:\/\/www.revistarescatados.com.ar\/web\/wp-json\/wp\/v2\/posts\/22599\/revisions\/22601"}],"wp:featuredmedia":[{"embeddable":true,"href":"https:\/\/www.revistarescatados.com.ar\/web\/wp-json\/wp\/v2\/media\/22600"}],"wp:attachment":[{"href":"https:\/\/www.revistarescatados.com.ar\/web\/wp-json\/wp\/v2\/media?parent=22599"}],"wp:term":[{"taxonomy":"category","embeddable":true,"href":"https:\/\/www.revistarescatados.com.ar\/web\/wp-json\/wp\/v2\/categories?post=22599"},{"taxonomy":"post_tag","embeddable":true,"href":"https:\/\/www.revistarescatados.com.ar\/web\/wp-json\/wp\/v2\/tags?post=22599"}],"curies":[{"name":"wp","href":"https:\/\/api.w.org\/{rel}","templated":true}]}}