{"id":22602,"date":"2024-09-10T15:38:40","date_gmt":"2024-09-10T18:38:40","guid":{"rendered":"https:\/\/www.revistarescatados.com.ar\/web\/?p=22602"},"modified":"2024-09-10T15:38:40","modified_gmt":"2024-09-10T18:38:40","slug":"borla-propone-un-programa-para-el-uso-responsable-de-las-tics","status":"publish","type":"post","link":"https:\/\/www.revistarescatados.com.ar\/web\/2024\/09\/10\/borla-propone-un-programa-para-el-uso-responsable-de-las-tics\/","title":{"rendered":"Borla propone un programa para el uso responsable de las TICs"},"content":{"rendered":"<p>&nbsp;<\/p>\n<p><strong>El Senador Provincial Rodrigo Borla present\u00f3 un proyecto de Ley con el objeto de establecer la creaci\u00f3n del &#8220;Programa Provincial para el Uso Responsable de las Tecnolog\u00edas de la Informaci\u00f3n y la Comunicaci\u00f3n (TICs) en el Sistema Educativo Provincial&#8221;, con el fin de promover la adopci\u00f3n responsable y segura de las TICs y prevenir riesgos al proteger los datos personales, la intimidad y la privacidad de las personas, en particular de ni\u00f1as, ni\u00f1os y adolescentes.<\/strong><\/p>\n<p><img loading=\"lazy\" class=\"aligncenter size-full wp-image-22603\" src=\"http:\/\/www.revistarescatados.com.ar\/web\/wp-content\/uploads\/2024\/09\/TICs.jpg\" alt=\"\" width=\"800\" height=\"414\" srcset=\"https:\/\/www.revistarescatados.com.ar\/web\/wp-content\/uploads\/2024\/09\/TICs.jpg 800w, https:\/\/www.revistarescatados.com.ar\/web\/wp-content\/uploads\/2024\/09\/TICs-300x155.jpg 300w, https:\/\/www.revistarescatados.com.ar\/web\/wp-content\/uploads\/2024\/09\/TICs-768x397.jpg 768w\" sizes=\"(max-width: 800px) 100vw, 800px\" \/><\/p>\n<p>Las Tecnolog\u00edas de la Informaci\u00f3n y la Comunicaci\u00f3n (TICs) siguen transformando la manera en que vivimos, nos educamos, trabajamos y nos relacionamos en la sociedad actual. Estas herramientas digitales han tra\u00eddo consigo innumerables beneficios, y posibilidades de acceso a la informaci\u00f3n, conocimiento y comunicaci\u00f3n, pero tambi\u00e9n plantean desaf\u00edos y riesgos que requieren una atenci\u00f3n especial por parte de las autoridades gubernamentales y de la sociedad en su conjunto, ya que ese universo an\u00f3nimo, de r\u00e1pido acceso, es utilizado y aprovechado en m\u00e1s de una oportunidad como una herramienta para delinquir.<\/p>\n<p>En este sentido, quienes se ven m\u00e1s expuestos a situaciones de peligro y violencia son los ni\u00f1os, ni\u00f1as y adolescentes que muchas veces tienen escasa o nula informaci\u00f3n sobre los riesgos del mal uso de la tecnolog\u00eda y son v\u00edctimas de diversos hechos como ser la invasi\u00f3n de la privacidad, el acoso por parte de adultos (grooming), el acoso entre pares (cyberbullying), el empleo de ni\u00f1os, ni\u00f1as y adolescentes en pornograf\u00eda, la explotaci\u00f3n sexual infantil (ESI) y todas las formas de violencia sexual para las cuales Internet se ha vuelto un nuevo escenario, en el cual la producci\u00f3n de materiales vinculados a ESI y la distribuci\u00f3n de los mismos es una realidad en aumento.<\/p>\n<p>Teniendo en cuenta que en la Ley de Educaci\u00f3n Nacional N\u00b0 26206 se hace alusi\u00f3n a la importancia de la inclusi\u00f3n de las TIC \u0301S en el escenario educativo al determinar c\u00f3mo unos de los fines y objetivos de la pol\u00edtica educativa nacional: &#8220;Desarrollar las competencias necesarias para el manejo de los nuevos lenguajes producidos por las tecnolog\u00edas de la informaci\u00f3n y de la comunicaci\u00f3n&#8221;(art. 11 inc m), nuestra propuesta busca generar y desarrollar capacidades que favorezcan la construcci\u00f3n de estrategias de trabajo que ayuden a los ni\u00f1os, las ni\u00f1as y los adolescentes a elaborar criterios para la navegaci\u00f3n y la interacci\u00f3n en l\u00ednea, desde un marco de respeto y de cuidado de la propia integridad psicof\u00edsica y la de los dem\u00e1s.<\/p>\n<p>&nbsp;<\/p>\n","protected":false},"excerpt":{"rendered":"<p>&nbsp; El Senador Provincial Rodrigo Borla present\u00f3 un proyecto de Ley con el objeto de establecer la creaci\u00f3n del &#8220;Programa Provincial para el Uso Responsable de las Tecnolog\u00edas de la Informaci\u00f3n y&#46;&#46;&#46;<\/p>\n","protected":false},"author":1,"featured_media":22603,"comment_status":"closed","ping_status":"closed","sticky":false,"template":"","format":"standard","meta":[],"categories":[4,16,15,13,8],"tags":[],"_links":{"self":[{"href":"https:\/\/www.revistarescatados.com.ar\/web\/wp-json\/wp\/v2\/posts\/22602"}],"collection":[{"href":"https:\/\/www.revistarescatados.com.ar\/web\/wp-json\/wp\/v2\/posts"}],"about":[{"href":"https:\/\/www.revistarescatados.com.ar\/web\/wp-json\/wp\/v2\/types\/post"}],"author":[{"embeddable":true,"href":"https:\/\/www.revistarescatados.com.ar\/web\/wp-json\/wp\/v2\/users\/1"}],"replies":[{"embeddable":true,"href":"https:\/\/www.revistarescatados.com.ar\/web\/wp-json\/wp\/v2\/comments?post=22602"}],"version-history":[{"count":1,"href":"https:\/\/www.revistarescatados.com.ar\/web\/wp-json\/wp\/v2\/posts\/22602\/revisions"}],"predecessor-version":[{"id":22604,"href":"https:\/\/www.revistarescatados.com.ar\/web\/wp-json\/wp\/v2\/posts\/22602\/revisions\/22604"}],"wp:featuredmedia":[{"embeddable":true,"href":"https:\/\/www.revistarescatados.com.ar\/web\/wp-json\/wp\/v2\/media\/22603"}],"wp:attachment":[{"href":"https:\/\/www.revistarescatados.com.ar\/web\/wp-json\/wp\/v2\/media?parent=22602"}],"wp:term":[{"taxonomy":"category","embeddable":true,"href":"https:\/\/www.revistarescatados.com.ar\/web\/wp-json\/wp\/v2\/categories?post=22602"},{"taxonomy":"post_tag","embeddable":true,"href":"https:\/\/www.revistarescatados.com.ar\/web\/wp-json\/wp\/v2\/tags?post=22602"}],"curies":[{"name":"wp","href":"https:\/\/api.w.org\/{rel}","templated":true}]}}