{"id":22626,"date":"2024-09-18T15:00:46","date_gmt":"2024-09-18T18:00:46","guid":{"rendered":"https:\/\/www.revistarescatados.com.ar\/web\/?p=22626"},"modified":"2024-09-18T15:00:46","modified_gmt":"2024-09-18T18:00:46","slug":"borla-reclama-ante-carencia-de-responsables-en-juzgados-comunitarios-del-departamento-san-justo","status":"publish","type":"post","link":"https:\/\/www.revistarescatados.com.ar\/web\/2024\/09\/18\/borla-reclama-ante-carencia-de-responsables-en-juzgados-comunitarios-del-departamento-san-justo\/","title":{"rendered":"Borla reclama ante carencia de responsables en juzgados comunitarios del departamento San Justo"},"content":{"rendered":"<p>.<\/p>\n<p>&nbsp;<\/p>\n<p><strong>El Senador Rodrigo Borla present\u00f3 en la C\u00e1mara Alta de la Legislatura Santafecina un proyecto de comunicaci\u00f3n que solicita al Poder Ejecutivo realice las gestiones pertinentes para cubrir los cargos de los Juzgados Comunitarios del Departamento San Justo.<\/strong><\/p>\n<p><img loading=\"lazy\" class=\"aligncenter size-large wp-image-21822\" src=\"http:\/\/www.revistarescatados.com.ar\/web\/wp-content\/uploads\/2024\/05\/borla-1-1024x546.jpg\" alt=\"\" width=\"1024\" height=\"546\" srcset=\"https:\/\/www.revistarescatados.com.ar\/web\/wp-content\/uploads\/2024\/05\/borla-1-1024x546.jpg 1024w, https:\/\/www.revistarescatados.com.ar\/web\/wp-content\/uploads\/2024\/05\/borla-1-300x160.jpg 300w, https:\/\/www.revistarescatados.com.ar\/web\/wp-content\/uploads\/2024\/05\/borla-1-768x409.jpg 768w, https:\/\/www.revistarescatados.com.ar\/web\/wp-content\/uploads\/2024\/05\/borla-1.jpg 1229w\" sizes=\"(max-width: 1024px) 100vw, 1024px\" \/><\/p>\n<p>Borla detalla que actualmente el territorio que representa carece de cobertura de cargos de Juez Comunitario en las localidades de Ramay\u00f3n, Marcelino Escalda, Colonia Silva, La Criolla, Vera y Pintado, y Pedro G\u00f3mez Cello.<\/p>\n<p>&nbsp;<\/p>\n<p>Esta situaci\u00f3n genera indefectiblemente una sobrecarga de trabajo en la titular del Juzgado Comunitario de Gobernador Crespo y Videla, provocando y acrecentando las demoras en los tr\u00e1mites judiciales que se encuentran en marcha (tales como notificaciones, medidas cautelares, constataciones, entre otros).<\/p>\n<p>&nbsp;<\/p>\n<p>No s\u00f3lo que ello implica un colapso en los Juzgados Comunitarios que se encuentran funcionando, sino que tambi\u00e9n obstaculiza el acceso a la justicia de todos los ciudadanos de esas localidades, vulnerando as\u00ed sus derechos.-<\/p>\n<p>&nbsp;<\/p>\n<p>El acceso a la justicia opera como una suerte de &#8220;garante&#8221; de otros derechos, pues representa la posibilidad de reclamar el efectivo cumplimiento de \u00e9stos por ante un \u00f3rgano jurisdiccional.<\/p>\n<p>&nbsp;<\/p>\n<p>Es adem\u00e1s una pol\u00edtica de fuerte inclusi\u00f3n social, impregnada de la necesaria equidad que debe presidir las acciones de gobierno.<\/p>\n<p>&nbsp;<\/p>\n<p>&nbsp;<\/p>\n","protected":false},"excerpt":{"rendered":"<p>. &nbsp; El Senador Rodrigo Borla present\u00f3 en la C\u00e1mara Alta de la Legislatura Santafecina un proyecto de comunicaci\u00f3n que solicita al Poder Ejecutivo realice las gestiones pertinentes para cubrir los cargos&#46;&#46;&#46;<\/p>\n","protected":false},"author":1,"featured_media":21822,"comment_status":"closed","ping_status":"closed","sticky":false,"template":"","format":"standard","meta":[],"categories":[4,16,10,13],"tags":[],"_links":{"self":[{"href":"https:\/\/www.revistarescatados.com.ar\/web\/wp-json\/wp\/v2\/posts\/22626"}],"collection":[{"href":"https:\/\/www.revistarescatados.com.ar\/web\/wp-json\/wp\/v2\/posts"}],"about":[{"href":"https:\/\/www.revistarescatados.com.ar\/web\/wp-json\/wp\/v2\/types\/post"}],"author":[{"embeddable":true,"href":"https:\/\/www.revistarescatados.com.ar\/web\/wp-json\/wp\/v2\/users\/1"}],"replies":[{"embeddable":true,"href":"https:\/\/www.revistarescatados.com.ar\/web\/wp-json\/wp\/v2\/comments?post=22626"}],"version-history":[{"count":1,"href":"https:\/\/www.revistarescatados.com.ar\/web\/wp-json\/wp\/v2\/posts\/22626\/revisions"}],"predecessor-version":[{"id":22627,"href":"https:\/\/www.revistarescatados.com.ar\/web\/wp-json\/wp\/v2\/posts\/22626\/revisions\/22627"}],"wp:featuredmedia":[{"embeddable":true,"href":"https:\/\/www.revistarescatados.com.ar\/web\/wp-json\/wp\/v2\/media\/21822"}],"wp:attachment":[{"href":"https:\/\/www.revistarescatados.com.ar\/web\/wp-json\/wp\/v2\/media?parent=22626"}],"wp:term":[{"taxonomy":"category","embeddable":true,"href":"https:\/\/www.revistarescatados.com.ar\/web\/wp-json\/wp\/v2\/categories?post=22626"},{"taxonomy":"post_tag","embeddable":true,"href":"https:\/\/www.revistarescatados.com.ar\/web\/wp-json\/wp\/v2\/tags?post=22626"}],"curies":[{"name":"wp","href":"https:\/\/api.w.org\/{rel}","templated":true}]}}