{"id":22647,"date":"2024-09-19T17:24:13","date_gmt":"2024-09-19T20:24:13","guid":{"rendered":"https:\/\/www.revistarescatados.com.ar\/web\/?p=22647"},"modified":"2024-09-19T17:24:13","modified_gmt":"2024-09-19T20:24:13","slug":"provincia-lanzo-microcreditos-para-que-emprendedores-adquieran-equipamiento-maquinaria-e-insumos","status":"publish","type":"post","link":"https:\/\/www.revistarescatados.com.ar\/web\/2024\/09\/19\/provincia-lanzo-microcreditos-para-que-emprendedores-adquieran-equipamiento-maquinaria-e-insumos\/","title":{"rendered":"Provincia lanz\u00f3 microcr\u00e9ditos para que emprendedores adquieran equipamiento, maquinaria e insumos"},"content":{"rendered":"<div><\/div>\n<div><\/div>\n<div><\/div>\n<div><\/div>\n<div><strong>Con \u201cActiva Emprendedor\u201d y el \u201cBanco Solidario\u201d se busca apuntalar emprendimientos productivos y a emprendedores en situaci\u00f3n de vulnerabilidad social. El acto fue encabezado por el gobernador Maximiliano Pullaro: \u201cEstas pol\u00edticas p\u00fablicas van a ubicar a Santa Fe en un lugar completamente diferente\u201d, asegur\u00f3.<\/strong><\/div>\n<div><\/div>\n<div><\/div>\n<div><\/div>\n<div><img loading=\"lazy\" class=\"aligncenter size-large wp-image-22648\" src=\"http:\/\/www.revistarescatados.com.ar\/web\/wp-content\/uploads\/2024\/09\/pullaro-borla-Lazzarinni-1024x684.jpg\" alt=\"\" width=\"1024\" height=\"684\" srcset=\"https:\/\/www.revistarescatados.com.ar\/web\/wp-content\/uploads\/2024\/09\/pullaro-borla-Lazzarinni-1024x684.jpg 1024w, https:\/\/www.revistarescatados.com.ar\/web\/wp-content\/uploads\/2024\/09\/pullaro-borla-Lazzarinni-300x200.jpg 300w, https:\/\/www.revistarescatados.com.ar\/web\/wp-content\/uploads\/2024\/09\/pullaro-borla-Lazzarinni-768x513.jpg 768w, https:\/\/www.revistarescatados.com.ar\/web\/wp-content\/uploads\/2024\/09\/pullaro-borla-Lazzarinni-1536x1025.jpg 1536w, https:\/\/www.revistarescatados.com.ar\/web\/wp-content\/uploads\/2024\/09\/pullaro-borla-Lazzarinni.jpg 1600w\" sizes=\"(max-width: 1024px) 100vw, 1024px\" \/><\/div>\n<div><\/div>\n<div>El gobernador Maximiliano Pullaro present\u00f3 este jueves las l\u00edneas de microcr\u00e9ditos \u201cActiva Emprendedor\u201d, destinada a emprendimientos productivos, para la compra de equipamiento; y tambi\u00e9n las posibilidades que da el Banco Solidario para que emprendedores en situaci\u00f3n de vulnerabilidad social y productiva adquieran herramientas, insumos y\/o maquinarias tecnol\u00f3gicas a fin de favorecer el trabajo autogestivo.<\/div>\n<div><\/div>\n<div>En su discurso, Pullaro record\u00f3 que &#8220;nosotros con mucha claridad planteamos algunos objetivos que tienen que ver con generar trabajo en nuestra provincia, con generar crecimiento econ\u00f3mico, pero para eso hab\u00eda que hacer muchas cosas cuando comenzaba nuestra gesti\u00f3n: necesit\u00e1bamos poner orden en las cuentas del Estado y los recursos log\u00edsticos y humanos del Estado de la provincia. Por eso, durante todo este tiempo tomamos decisiones dif\u00edciles, pero con un claro objetivo: invertir donde debemos invertir para que Santa Fe se pueda destacar por su consistencia, por lo que somos nosotros y por lo que representamos&#8221;.<\/div>\n<div><\/div>\n<div>En ese sentido, el gobernador asegur\u00f3 que &#8220;estas pol\u00edticas p\u00fablicas van a ubicar a Santa Fe en un lugar completamente diferente, que nos va a permitir entrar en un c\u00edrculo virtuoso y, desde ese lugar, cambiar bases estructurales, y demostrar que esta provincia es el motor productivo de Argentina&#8221;.<\/div>\n<div><\/div>\n<div><\/div>\n<div>Del acto, realizado en El Molino, F\u00e1brica Cultural de la ciudad de Santa Fe, participaron tambi\u00e9n los ministros de Gobierno e Innovaci\u00f3n P\u00fablica, Fabi\u00e1n Bast\u00eda; de de Igualdad y Desarrollo Humano, Victoria Tejeda; de Desarrollo Productivo, Gustavo Puccini; y de Econom\u00eda, Pablo Olivares; legisladores provinciales; intendentes y presidentes comunales, entre otros.<\/div>\n<div><\/div>\n<div>https:\/\/www.santafe.gov.ar\/noticias\/recursos\/videosHD\/2024\/09\/2024-09-19NID_281237O_1.mp4<\/div>\n<div><\/div>\n<div><strong>Apuntalar y fortalecer al sistema productivo<\/strong><\/div>\n<div><\/div>\n<div>Puccini reconoci\u00f3 que &#8220;esto es una actividad muy importante que llevamos adelante porque estamos cumpliendo con el mandato de nuestro gobernador: apuntalar y fortalecer al sistema productivo, y hacerlo desde lo m\u00e1s incipiente, que nace en cada pueblo y en cada ciudad, hasta las grandes empresas que hoy tenemos en la provincia, que son muy variadas y muy fuertes&#8221;. Mientras, Tejeda explic\u00f3 que &#8220;la idea es acompa\u00f1ar a quienes emprenden, que hoy est\u00e1n atravesando una vulneraci\u00f3n de derechos, y que necesitan herramientas, insumos y maquinarias. Por eso la decisi\u00f3n del Gobierno de acompa\u00f1ar, por primera vez, con cr\u00e9ditos a tasa cero&#8221;.<\/div>\n<div><\/div>\n<div><\/div>\n<div><strong>Activa Emprendedor y Banco Solidario<\/strong><\/div>\n<div><\/div>\n<div>\u201cActiva Emprendedor\u201d se enmarca en el programa de financiamiento \u201cSanta Fe Activa\u201d, que es desarrollado por el Ministerio de Desarrollo Productivo, y est\u00e1 destinado a la compra de equipamiento para emprendimientos productivos. Son microcr\u00e9ditos de entre 750.000 y 2.500.000 pesos, facilitando as\u00ed el acceso a pr\u00e9stamos con tasas de inter\u00e9s m\u00e1s bajas y plazos m\u00e1s amplios (de hasta 36 meses), promoviendo la productividad y el desarrollo de las econom\u00edas. En tanto, Banco Solidario, tiene la segunda l\u00ednea presentada: otorga microcr\u00e9ditos a emprendedores en situaci\u00f3n de vulnerabilidad social y productiva que permita la capitalizaci\u00f3n de herramientas, insumos y\/o maquinarias tecnol\u00f3gicas a fin de favorecer el trabajo autogestivo. Es coordinado por el Ministerio de Igualdad y Desarrollo Humano.<\/div>\n<div><\/div>\n<div><\/div>\n<div>Durante el acto 51 localidades de 11 departamentos firmaron el convenio con el Ministerio de Igualdad y Desarrollo Humano: <strong>La Gallareta, Vera, Margarita y Tartagal (departamento Vera)<\/strong>; <strong>El Araz\u00e1, Berna, Las Garzas, Nicanor Molinas, Avellaneda, y Malabrigo (departamento General Obligado); Marcelino Escalada, Ramay\u00f3n, San Justo, La Penca y Caraguat\u00e1, Pedro G\u00f3mez Cello, Videla, La Camila, y Colonia Dolores (departamento San Justo); San Javier, Cacique Ariacaiqu\u00edn, Colonia Teresa, Romang, y Alejandra (departamento San Javier);<\/strong> Santa Rosa de Calchines, Cayast\u00e1, y Helvecia (departamento Garay); Recreo, Sauce Viejo, Llambi Campbell, Santo Tom\u00e9, Nelson, San Jos\u00e9 del Rinc\u00f3n, y Santa Fe (departamento La Capital); San Carlos Sud, Pilar, Esperanza, y Matilde (departamento Las Colonias); Mois\u00e9s Ville, Ceres, Hersilia, Suardi, y Dos Rosas y la Legua (departamento San Crist\u00f3bal); San Vicente, Estaci\u00f3n Clucellas, Egusquiza, y Clucellas (departamento Castellanos); Coronda y G\u00e1lvez (departamento San Jer\u00f3nimo); Sastre y Ortiz, El Tr\u00e9bol, y Ca\u00f1ada Rosqu\u00edn (departamento San Mart\u00edn).<\/div>\n<div><\/div>\n","protected":false},"excerpt":{"rendered":"<p>Con \u201cActiva Emprendedor\u201d y el \u201cBanco Solidario\u201d se busca apuntalar emprendimientos productivos y a emprendedores en situaci\u00f3n de vulnerabilidad social. El acto fue encabezado por el gobernador Maximiliano Pullaro: \u201cEstas pol\u00edticas p\u00fablicas&#46;&#46;&#46;<\/p>\n","protected":false},"author":1,"featured_media":22648,"comment_status":"closed","ping_status":"closed","sticky":false,"template":"","format":"standard","meta":[],"categories":[6,5,4,3,16,12],"tags":[],"_links":{"self":[{"href":"https:\/\/www.revistarescatados.com.ar\/web\/wp-json\/wp\/v2\/posts\/22647"}],"collection":[{"href":"https:\/\/www.revistarescatados.com.ar\/web\/wp-json\/wp\/v2\/posts"}],"about":[{"href":"https:\/\/www.revistarescatados.com.ar\/web\/wp-json\/wp\/v2\/types\/post"}],"author":[{"embeddable":true,"href":"https:\/\/www.revistarescatados.com.ar\/web\/wp-json\/wp\/v2\/users\/1"}],"replies":[{"embeddable":true,"href":"https:\/\/www.revistarescatados.com.ar\/web\/wp-json\/wp\/v2\/comments?post=22647"}],"version-history":[{"count":1,"href":"https:\/\/www.revistarescatados.com.ar\/web\/wp-json\/wp\/v2\/posts\/22647\/revisions"}],"predecessor-version":[{"id":22649,"href":"https:\/\/www.revistarescatados.com.ar\/web\/wp-json\/wp\/v2\/posts\/22647\/revisions\/22649"}],"wp:featuredmedia":[{"embeddable":true,"href":"https:\/\/www.revistarescatados.com.ar\/web\/wp-json\/wp\/v2\/media\/22648"}],"wp:attachment":[{"href":"https:\/\/www.revistarescatados.com.ar\/web\/wp-json\/wp\/v2\/media?parent=22647"}],"wp:term":[{"taxonomy":"category","embeddable":true,"href":"https:\/\/www.revistarescatados.com.ar\/web\/wp-json\/wp\/v2\/categories?post=22647"},{"taxonomy":"post_tag","embeddable":true,"href":"https:\/\/www.revistarescatados.com.ar\/web\/wp-json\/wp\/v2\/tags?post=22647"}],"curies":[{"name":"wp","href":"https:\/\/api.w.org\/{rel}","templated":true}]}}