{"id":22650,"date":"2024-09-20T21:52:32","date_gmt":"2024-09-21T00:52:32","guid":{"rendered":"https:\/\/www.revistarescatados.com.ar\/web\/?p=22650"},"modified":"2024-09-20T21:52:32","modified_gmt":"2024-09-21T00:52:32","slug":"pedro-gomez-cello-firmo-convenios-con-provincia-para-construccion-de-aula-y-apoyo-a-emprendedores","status":"publish","type":"post","link":"https:\/\/www.revistarescatados.com.ar\/web\/2024\/09\/20\/pedro-gomez-cello-firmo-convenios-con-provincia-para-construccion-de-aula-y-apoyo-a-emprendedores\/","title":{"rendered":"Pedro Gomez Cello firm\u00f3 convenios con provincia para construcci\u00f3n de aula y apoyo a emprendedores"},"content":{"rendered":"<p><strong>El presidente comunal Romeo Dittiere refrend\u00f3 convenios con el programa Banco Solidario para que emprendedores accedan a microcr\u00e9ditos. Adem\u00e1s firm\u00f3 un acuerdo para la construcci\u00f3n de un aula en la escuela agrot\u00e9cnica N\u00b0 351 de la localidad.<\/strong><\/p>\n<p><img loading=\"lazy\" class=\"aligncenter size-large wp-image-22651\" src=\"http:\/\/www.revistarescatados.com.ar\/web\/wp-content\/uploads\/2024\/09\/Pedro-Gomez-Cello-1024x576.jpg\" alt=\"\" width=\"1024\" height=\"576\" srcset=\"https:\/\/www.revistarescatados.com.ar\/web\/wp-content\/uploads\/2024\/09\/Pedro-Gomez-Cello-1024x576.jpg 1024w, https:\/\/www.revistarescatados.com.ar\/web\/wp-content\/uploads\/2024\/09\/Pedro-Gomez-Cello-300x169.jpg 300w, https:\/\/www.revistarescatados.com.ar\/web\/wp-content\/uploads\/2024\/09\/Pedro-Gomez-Cello-768x432.jpg 768w, https:\/\/www.revistarescatados.com.ar\/web\/wp-content\/uploads\/2024\/09\/Pedro-Gomez-Cello.jpg 1080w\" sizes=\"(max-width: 1024px) 100vw, 1024px\" \/><br \/>\nCon la firma del convenio de Banco Solidario, se dio inicio al programa ACTIVA Emprendedor en nuestra localidad. Este acuerdo, encabezado por el Gobernador Maximiliano Pullaro y autoridades provinciales, permitir\u00e1 que nuestros emprendedores accedan a:<\/p>\n<p>\u2713Microcr\u00e9ditos: Para adquirir equipamiento y potenciar sus negocios.<br \/>\n\u2713Tasas de inter\u00e9s m\u00e1s bajas: Facilitando el acceso a financiamiento.<br \/>\n\u2713Plazos m\u00e1s amplios: Hasta 36 meses para devolver el pr\u00e9stamo.<br \/>\nCon este impulso, fomentamos la creaci\u00f3n de empleo y el desarrollo econ\u00f3mico local.<\/p>\n<p><img loading=\"lazy\" class=\"aligncenter size-large wp-image-22652\" src=\"http:\/\/www.revistarescatados.com.ar\/web\/wp-content\/uploads\/2024\/09\/Pedro-Gomez-Cello-aulas-1024x713.jpg\" alt=\"\" width=\"1024\" height=\"713\" srcset=\"https:\/\/www.revistarescatados.com.ar\/web\/wp-content\/uploads\/2024\/09\/Pedro-Gomez-Cello-aulas-1024x713.jpg 1024w, https:\/\/www.revistarescatados.com.ar\/web\/wp-content\/uploads\/2024\/09\/Pedro-Gomez-Cello-aulas-300x209.jpg 300w, https:\/\/www.revistarescatados.com.ar\/web\/wp-content\/uploads\/2024\/09\/Pedro-Gomez-Cello-aulas-768x535.jpg 768w, https:\/\/www.revistarescatados.com.ar\/web\/wp-content\/uploads\/2024\/09\/Pedro-Gomez-Cello-aulas.jpg 1080w\" sizes=\"(max-width: 1024px) 100vw, 1024px\" \/><\/p>\n<p><strong>AULA PARA LA ESCUELA 351<\/strong><br \/>\nEl Gobierno de la Provincia de Santa Fe sigue trabajando en el fortalecimiento de la infraestructura escolar, y hoy celebramos la firma del convenio para la construcci\u00f3n de un aula para la EETP N\u00b0351. Esta iniciativa forma parte del ambicioso Programa 1000 Aulas, que lleva adelante el Ministerio de Educaci\u00f3n.<\/p>\n<p>&#8220;Con esta nueva obra, seguimos construyendo un futuro con m\u00e1s oportunidades, impulsando una educaci\u00f3n inclusiva, moderna y accesible para todos. Agradecemos al Gobernador Maxi Pullaro , al Ministro Jose Goity y al Senador Rodrigo Borla por acompa\u00f1ar las gestiones&#8221;, se\u00f1al\u00f3 el mandatario Comunal.<\/p>\n<p>&nbsp;<\/p>\n","protected":false},"excerpt":{"rendered":"<p>El presidente comunal Romeo Dittiere refrend\u00f3 convenios con el programa Banco Solidario para que emprendedores accedan a microcr\u00e9ditos. Adem\u00e1s firm\u00f3 un acuerdo para la construcci\u00f3n de un aula en la escuela agrot\u00e9cnica&#46;&#46;&#46;<\/p>\n","protected":false},"author":1,"featured_media":22651,"comment_status":"closed","ping_status":"closed","sticky":false,"template":"","format":"standard","meta":[],"categories":[4,16,15,10,8],"tags":[],"_links":{"self":[{"href":"https:\/\/www.revistarescatados.com.ar\/web\/wp-json\/wp\/v2\/posts\/22650"}],"collection":[{"href":"https:\/\/www.revistarescatados.com.ar\/web\/wp-json\/wp\/v2\/posts"}],"about":[{"href":"https:\/\/www.revistarescatados.com.ar\/web\/wp-json\/wp\/v2\/types\/post"}],"author":[{"embeddable":true,"href":"https:\/\/www.revistarescatados.com.ar\/web\/wp-json\/wp\/v2\/users\/1"}],"replies":[{"embeddable":true,"href":"https:\/\/www.revistarescatados.com.ar\/web\/wp-json\/wp\/v2\/comments?post=22650"}],"version-history":[{"count":1,"href":"https:\/\/www.revistarescatados.com.ar\/web\/wp-json\/wp\/v2\/posts\/22650\/revisions"}],"predecessor-version":[{"id":22653,"href":"https:\/\/www.revistarescatados.com.ar\/web\/wp-json\/wp\/v2\/posts\/22650\/revisions\/22653"}],"wp:featuredmedia":[{"embeddable":true,"href":"https:\/\/www.revistarescatados.com.ar\/web\/wp-json\/wp\/v2\/media\/22651"}],"wp:attachment":[{"href":"https:\/\/www.revistarescatados.com.ar\/web\/wp-json\/wp\/v2\/media?parent=22650"}],"wp:term":[{"taxonomy":"category","embeddable":true,"href":"https:\/\/www.revistarescatados.com.ar\/web\/wp-json\/wp\/v2\/categories?post=22650"},{"taxonomy":"post_tag","embeddable":true,"href":"https:\/\/www.revistarescatados.com.ar\/web\/wp-json\/wp\/v2\/tags?post=22650"}],"curies":[{"name":"wp","href":"https:\/\/api.w.org\/{rel}","templated":true}]}}