{"id":22687,"date":"2024-09-25T14:45:11","date_gmt":"2024-09-25T17:45:11","guid":{"rendered":"https:\/\/www.revistarescatados.com.ar\/web\/?p=22687"},"modified":"2024-09-25T14:45:11","modified_gmt":"2024-09-25T17:45:11","slug":"calchaqui-recibio-las-primeras-precipitaciones-en-primavera","status":"publish","type":"post","link":"https:\/\/www.revistarescatados.com.ar\/web\/2024\/09\/25\/calchaqui-recibio-las-primeras-precipitaciones-en-primavera\/","title":{"rendered":"Calchaqu\u00ed recibi\u00f3 las primeras precipitaciones en primavera"},"content":{"rendered":"<p><strong>Tan solo 10 mil\u00edmetros se registraron en la urbe, al igual que en la ciudad cabecera del departamento Vera. A pesar de la escasez h\u00eddrica, la vegetaci\u00f3n muestra sus mejores colores de estaci\u00f3n.<\/strong><\/p>\n<p><img loading=\"lazy\" class=\"aligncenter size-large wp-image-22688\" src=\"http:\/\/www.revistarescatados.com.ar\/web\/wp-content\/uploads\/2024\/09\/Calle-RS-Pena-918x1024.jpg\" alt=\"\" width=\"918\" height=\"1024\" srcset=\"https:\/\/www.revistarescatados.com.ar\/web\/wp-content\/uploads\/2024\/09\/Calle-RS-Pena-918x1024.jpg 918w, https:\/\/www.revistarescatados.com.ar\/web\/wp-content\/uploads\/2024\/09\/Calle-RS-Pena-269x300.jpg 269w, https:\/\/www.revistarescatados.com.ar\/web\/wp-content\/uploads\/2024\/09\/Calle-RS-Pena-768x857.jpg 768w, https:\/\/www.revistarescatados.com.ar\/web\/wp-content\/uploads\/2024\/09\/Calle-RS-Pena.jpg 1296w\" sizes=\"(max-width: 918px) 100vw, 918px\" \/><br \/>\nEn medio de la temporada de sequia, provocada por el fen\u00f3meno de La Ni\u00f1a, este 25 de septiembre &#8211; en la madrugada- cayeron las primeras precipitaciones sobre Calchaqu\u00ed.<\/p>\n<p>El registro pluviom\u00e9trico marc\u00f3 unos escasos 10 mil\u00edmetros, que sin dudas ayudan a la floraci\u00f3n de la arboleda y vegetaci\u00f3n en la urbe.<\/p>\n<p>La URXIX de polic\u00eda informo los datos de lluvia hasta las 08hs. en algunas localidades del Departamento Vera, a saber:<br \/>\nVera 10mm;<br \/>\nLa Gallareta 03mm;<br \/>\nToba 30mm;<br \/>\nCaraguatay 15mm;<br \/>\nGarabato 1mm;<br \/>\nSan lucia 09mm<br \/>\nCalchaqui 10mm<\/p>\n","protected":false},"excerpt":{"rendered":"<p>Tan solo 10 mil\u00edmetros se registraron en la urbe, al igual que en la ciudad cabecera del departamento Vera. A pesar de la escasez h\u00eddrica, la vegetaci\u00f3n muestra sus mejores colores de&#46;&#46;&#46;<\/p>\n","protected":false},"author":1,"featured_media":22688,"comment_status":"closed","ping_status":"closed","sticky":false,"template":"","format":"standard","meta":[],"categories":[2,3,16,8],"tags":[],"_links":{"self":[{"href":"https:\/\/www.revistarescatados.com.ar\/web\/wp-json\/wp\/v2\/posts\/22687"}],"collection":[{"href":"https:\/\/www.revistarescatados.com.ar\/web\/wp-json\/wp\/v2\/posts"}],"about":[{"href":"https:\/\/www.revistarescatados.com.ar\/web\/wp-json\/wp\/v2\/types\/post"}],"author":[{"embeddable":true,"href":"https:\/\/www.revistarescatados.com.ar\/web\/wp-json\/wp\/v2\/users\/1"}],"replies":[{"embeddable":true,"href":"https:\/\/www.revistarescatados.com.ar\/web\/wp-json\/wp\/v2\/comments?post=22687"}],"version-history":[{"count":1,"href":"https:\/\/www.revistarescatados.com.ar\/web\/wp-json\/wp\/v2\/posts\/22687\/revisions"}],"predecessor-version":[{"id":22689,"href":"https:\/\/www.revistarescatados.com.ar\/web\/wp-json\/wp\/v2\/posts\/22687\/revisions\/22689"}],"wp:featuredmedia":[{"embeddable":true,"href":"https:\/\/www.revistarescatados.com.ar\/web\/wp-json\/wp\/v2\/media\/22688"}],"wp:attachment":[{"href":"https:\/\/www.revistarescatados.com.ar\/web\/wp-json\/wp\/v2\/media?parent=22687"}],"wp:term":[{"taxonomy":"category","embeddable":true,"href":"https:\/\/www.revistarescatados.com.ar\/web\/wp-json\/wp\/v2\/categories?post=22687"},{"taxonomy":"post_tag","embeddable":true,"href":"https:\/\/www.revistarescatados.com.ar\/web\/wp-json\/wp\/v2\/tags?post=22687"}],"curies":[{"name":"wp","href":"https:\/\/api.w.org\/{rel}","templated":true}]}}