{"id":22693,"date":"2024-09-26T15:09:06","date_gmt":"2024-09-26T18:09:06","guid":{"rendered":"https:\/\/www.revistarescatados.com.ar\/web\/?p=22693"},"modified":"2024-09-26T15:11:18","modified_gmt":"2024-09-26T18:11:18","slug":"scarpin-y-el-ministro-de-economia-coincidieron-en-que-las-obras-del-presupuesto-2025-deben-potenciar-el-sector-productivo","status":"publish","type":"post","link":"https:\/\/www.revistarescatados.com.ar\/web\/2024\/09\/26\/scarpin-y-el-ministro-de-economia-coincidieron-en-que-las-obras-del-presupuesto-2025-deben-potenciar-el-sector-productivo\/","title":{"rendered":"Scarpin y el ministro de Econom\u00eda coincidieron en que las obras del Presupuesto 2025 \u201cdeben potenciar el sector productivo\u201d"},"content":{"rendered":"<p>&nbsp;<\/p>\n<p><strong>El diputado provincial se reuni\u00f3 con Pablo Olivares para analizar las prioridades del Presupuesto que el Gobierno provincial enviar\u00e1 a la Legislatura. \u201cCompartimos miradas y consideramos que es fundamental que el pr\u00f3ximo presupuesto est\u00e9 alineado con las necesidades del sector productivo, que es el motor econ\u00f3mico de Santa Fe\u201d.<\/strong><\/p>\n<p><img loading=\"lazy\" class=\"aligncenter size-large wp-image-22694\" src=\"http:\/\/www.revistarescatados.com.ar\/web\/wp-content\/uploads\/2024\/09\/Scapin-Olivarez-1024x766.jpg\" alt=\"\" width=\"1024\" height=\"766\" srcset=\"https:\/\/www.revistarescatados.com.ar\/web\/wp-content\/uploads\/2024\/09\/Scapin-Olivarez-1024x766.jpg 1024w, https:\/\/www.revistarescatados.com.ar\/web\/wp-content\/uploads\/2024\/09\/Scapin-Olivarez-300x224.jpg 300w, https:\/\/www.revistarescatados.com.ar\/web\/wp-content\/uploads\/2024\/09\/Scapin-Olivarez-768x574.jpg 768w, https:\/\/www.revistarescatados.com.ar\/web\/wp-content\/uploads\/2024\/09\/Scapin-Olivarez.jpg 1284w\" sizes=\"(max-width: 1024px) 100vw, 1024px\" \/><\/p>\n<p>El diputado provincial Dionisio Scarpin mantuvo un productivo encuentro de trabajo con el ministro de Econom\u00eda de Santa Fe, Pablo Olivares, para analizar las prioridades del Presupuesto 2025. Durante la conversaci\u00f3n, coincidieron en la importancia de potenciar el sector productivo de la provincia, como siempre lo afirma el gobernador Maximiliano Pullaro.<\/p>\n<p>\u201cEs fundamental que el pr\u00f3ximo presupuesto est\u00e9 alineado con las necesidades del sector productivo, que es el motor econ\u00f3mico de Santa Fe. Coincidimos en que las obras prioritarias deben ser aquellas que potencien este sector, para generar m\u00e1s empleo y fortalecer la competitividad de nuestras empresas\u201d, explic\u00f3 Dionisio Scarpin.<\/p>\n<p>Adem\u00e1s, el legislador indic\u00f3 que comparti\u00f3 con el ministro algunas iniciativas que impulsar\u00e1 en la Legislatura. \u201cQueremos impulsar una nueva Ley de Consorcios Camineros que contemple a actores y situaciones que con la actual normativa no se atienden. Adem\u00e1s, pretendemos que exista un Registro para tener informaci\u00f3n precisa del funcionamiento de estos espacios\u201d, indic\u00f3.<\/p>\n<p>Dionisio Scarpin subray\u00f3 que la articulaci\u00f3n entre el gobierno y los legisladores ser\u00e1 clave para garantizar que el Presupuesto 2025 refleje las verdaderas prioridades de los santafesinos. \u201cEs un presupuesto que debe estar a la altura de las expectativas de la gente. Estamos comprometidos en trabajar juntos, para que las inversiones lleguen a donde m\u00e1s se necesitan\u201d, sostuvo el diputado provincial.<\/p>\n<p>&nbsp;<\/p>\n","protected":false},"excerpt":{"rendered":"<p>&nbsp; El diputado provincial se reuni\u00f3 con Pablo Olivares para analizar las prioridades del Presupuesto que el Gobierno provincial enviar\u00e1 a la Legislatura. \u201cCompartimos miradas y consideramos que es fundamental que el&#46;&#46;&#46;<\/p>\n","protected":false},"author":1,"featured_media":22694,"comment_status":"closed","ping_status":"closed","sticky":false,"template":"","format":"standard","meta":[],"categories":[16,10,13,12],"tags":[],"_links":{"self":[{"href":"https:\/\/www.revistarescatados.com.ar\/web\/wp-json\/wp\/v2\/posts\/22693"}],"collection":[{"href":"https:\/\/www.revistarescatados.com.ar\/web\/wp-json\/wp\/v2\/posts"}],"about":[{"href":"https:\/\/www.revistarescatados.com.ar\/web\/wp-json\/wp\/v2\/types\/post"}],"author":[{"embeddable":true,"href":"https:\/\/www.revistarescatados.com.ar\/web\/wp-json\/wp\/v2\/users\/1"}],"replies":[{"embeddable":true,"href":"https:\/\/www.revistarescatados.com.ar\/web\/wp-json\/wp\/v2\/comments?post=22693"}],"version-history":[{"count":1,"href":"https:\/\/www.revistarescatados.com.ar\/web\/wp-json\/wp\/v2\/posts\/22693\/revisions"}],"predecessor-version":[{"id":22695,"href":"https:\/\/www.revistarescatados.com.ar\/web\/wp-json\/wp\/v2\/posts\/22693\/revisions\/22695"}],"wp:featuredmedia":[{"embeddable":true,"href":"https:\/\/www.revistarescatados.com.ar\/web\/wp-json\/wp\/v2\/media\/22694"}],"wp:attachment":[{"href":"https:\/\/www.revistarescatados.com.ar\/web\/wp-json\/wp\/v2\/media?parent=22693"}],"wp:term":[{"taxonomy":"category","embeddable":true,"href":"https:\/\/www.revistarescatados.com.ar\/web\/wp-json\/wp\/v2\/categories?post=22693"},{"taxonomy":"post_tag","embeddable":true,"href":"https:\/\/www.revistarescatados.com.ar\/web\/wp-json\/wp\/v2\/tags?post=22693"}],"curies":[{"name":"wp","href":"https:\/\/api.w.org\/{rel}","templated":true}]}}