{"id":22751,"date":"2024-10-03T01:41:29","date_gmt":"2024-10-03T04:41:29","guid":{"rendered":"https:\/\/www.revistarescatados.com.ar\/web\/?p=22751"},"modified":"2024-10-03T01:41:29","modified_gmt":"2024-10-03T04:41:29","slug":"exitosa-fiesta-del-estudiante-para-recibir-la-primavera-en-san-javier","status":"publish","type":"post","link":"https:\/\/www.revistarescatados.com.ar\/web\/2024\/10\/03\/exitosa-fiesta-del-estudiante-para-recibir-la-primavera-en-san-javier\/","title":{"rendered":"Exitosa fiesta del Estudiante para recibir la primavera en San Javier"},"content":{"rendered":"<p>&nbsp;<\/p>\n<p><strong>Una multitud de sanjaverinos y visitantes de la regi\u00f3n se congreg\u00f3 el 21 de septiembre en el boulevard Pedro Candiotti para recibir la primavera. M\u00e1s de 100 emprendedores locales, actividades deportivas y recreativas dieron color a la jornada.<\/strong><\/p>\n<p><img loading=\"lazy\" class=\"aligncenter size-large wp-image-22752\" src=\"http:\/\/www.revistarescatados.com.ar\/web\/wp-content\/uploads\/2024\/10\/Fiesta-del-estudiante-San-Javier-1024x726.jpg\" alt=\"\" width=\"1024\" height=\"726\" srcset=\"https:\/\/www.revistarescatados.com.ar\/web\/wp-content\/uploads\/2024\/10\/Fiesta-del-estudiante-San-Javier-1024x726.jpg 1024w, https:\/\/www.revistarescatados.com.ar\/web\/wp-content\/uploads\/2024\/10\/Fiesta-del-estudiante-San-Javier-300x213.jpg 300w, https:\/\/www.revistarescatados.com.ar\/web\/wp-content\/uploads\/2024\/10\/Fiesta-del-estudiante-San-Javier-768x544.jpg 768w, https:\/\/www.revistarescatados.com.ar\/web\/wp-content\/uploads\/2024\/10\/Fiesta-del-estudiante-San-Javier-1536x1089.jpg 1536w, https:\/\/www.revistarescatados.com.ar\/web\/wp-content\/uploads\/2024\/10\/Fiesta-del-estudiante-San-Javier.jpg 1600w\" sizes=\"(max-width: 1024px) 100vw, 1024px\" \/><\/p>\n<p>La noche fue a toda m\u00fasica con Delivery, Fluir, Mario Pereyra, Grupo Alegr\u00eda, DJ Sol Cubilla y\u00a0 DJs de la ciudad, la regi\u00f3n y la provincia de Corrientes<\/p>\n<p>La intendente Maribel Gonz\u00e1lez presidi\u00f3 el acto oficial, junto a autoridades locales gubernamentales e institucionales y de la regi\u00f3n, expresando que &#8220;este evento es producto de la gesti\u00f3n en equipo, con una planificaci\u00f3n desde comienzos del a\u00f1o, junto a los empleados de la municipalidad de todas las \u00e1reas. Es el resultado del trabajo incansable de todos. Recuperamos una fiesta emblem\u00e1tica, con el esfuerzo colectivo de instituciones, escuelas y vecinos para revivir un evento que simboliza la uni\u00f3n de la comunidad&#8221;.<\/p>\n<p>El concejal Nahuel Rivoira destac\u00f3 el esfuerzo del equipo detr\u00e1s de la organizaci\u00f3n del evento, presentando un emotivo video que recorri\u00f3 la historia de la Fiesta.\u00a0 \u201cLo que era un sue\u00f1o hoy se ha hecho realidad\u201d.<\/p>\n<p>Este festival marc\u00f3 un hito, siendo el \u00faltimo que se celebra en el boulevard antes del inicio de la obra de la nueva costanera y la remodelaci\u00f3n del predio. Con el cierre de esta edici\u00f3n, la comunidad se despide de un lugar que ha albergado innumerables recuerdos, pero con la esperanza de que lo mejor est\u00e1 por venir.<\/p>\n<p><img loading=\"lazy\" class=\"aligncenter size-large wp-image-22754\" src=\"http:\/\/www.revistarescatados.com.ar\/web\/wp-content\/uploads\/2024\/10\/Club-Hipico-San-Javier-1024x576.jpg\" alt=\"\" width=\"1024\" height=\"576\" srcset=\"https:\/\/www.revistarescatados.com.ar\/web\/wp-content\/uploads\/2024\/10\/Club-Hipico-San-Javier-1024x576.jpg 1024w, https:\/\/www.revistarescatados.com.ar\/web\/wp-content\/uploads\/2024\/10\/Club-Hipico-San-Javier-300x169.jpg 300w, https:\/\/www.revistarescatados.com.ar\/web\/wp-content\/uploads\/2024\/10\/Club-Hipico-San-Javier-768x432.jpg 768w, https:\/\/www.revistarescatados.com.ar\/web\/wp-content\/uploads\/2024\/10\/Club-Hipico-San-Javier-1536x864.jpg 1536w, https:\/\/www.revistarescatados.com.ar\/web\/wp-content\/uploads\/2024\/10\/Club-Hipico-San-Javier.jpg 2048w\" sizes=\"(max-width: 1024px) 100vw, 1024px\" \/><\/p>\n<p><strong>Club h\u00edpico Abuelo Emilio<\/strong><\/p>\n<p>La Intendente, Ana Maribel Gonz\u00e1lez estuvo junto a parte de su\u00a0 gabinete en el acto de inauguraci\u00f3n de la Asociaci\u00f3n Civil Club H\u00edpico Abuelo Emilio, que preside David Hern\u00e1n Ludue\u00f1a, este domingo 22 de septiembre. El acto se realiz\u00f3 en el predio\u00a0 que est\u00e1 ubicado en Colonia Criolla.<\/p>\n<p>Gonz\u00e1lez destac\u00f3 la importancia del emprendiendo para el crecimiento econ\u00f3mico de San Javier,\u00a0 recalcando el valor que tiene el trabajo en equipo entre el sector p\u00fablico y privado. Y dijo: \u201cEste club representa una inversi\u00f3n y un movimiento econ\u00f3mico que beneficiar\u00e1 a muchas familias de nuestra ciudad. Su \u00e9xito es parte del crecimiento de San Javier\u201d.<\/p>\n<p><img loading=\"lazy\" class=\"aligncenter size-large wp-image-22753\" src=\"http:\/\/www.revistarescatados.com.ar\/web\/wp-content\/uploads\/2024\/10\/Alejandra-carteleria-768x1024.jpg\" alt=\"\" width=\"768\" height=\"1024\" srcset=\"https:\/\/www.revistarescatados.com.ar\/web\/wp-content\/uploads\/2024\/10\/Alejandra-carteleria-768x1024.jpg 768w, https:\/\/www.revistarescatados.com.ar\/web\/wp-content\/uploads\/2024\/10\/Alejandra-carteleria-225x300.jpg 225w, https:\/\/www.revistarescatados.com.ar\/web\/wp-content\/uploads\/2024\/10\/Alejandra-carteleria-1152x1536.jpg 1152w, https:\/\/www.revistarescatados.com.ar\/web\/wp-content\/uploads\/2024\/10\/Alejandra-carteleria.jpg 1536w\" sizes=\"(max-width: 768px) 100vw, 768px\" \/><\/p>\n<p><strong>Carteler\u00eda en Alejandra<\/strong><\/p>\n<p>Ya se habilit\u00f3 cartel luminoso en la plaza 11 de octubre, epicentro de los festejos por el 154 aniversario fundacional del pueblo cada 11 de octubre.<\/p>\n<p>En \u00e9l, visitantes y vecinos podr\u00e1n observar el mapa de la localidad, los n\u00fameros de tel\u00e9fonos de emergencias y p\u00e1gina web. Cabe destacar que Alejandra ya cuenta con su p\u00f3rtico de acceso sobre la ruta provincia N\u00b0 1.<\/p>\n","protected":false},"excerpt":{"rendered":"<p>&nbsp; Una multitud de sanjaverinos y visitantes de la regi\u00f3n se congreg\u00f3 el 21 de septiembre en el boulevard Pedro Candiotti para recibir la primavera. M\u00e1s de 100 emprendedores locales, actividades deportivas&#46;&#46;&#46;<\/p>\n","protected":false},"author":1,"featured_media":22752,"comment_status":"closed","ping_status":"closed","sticky":false,"template":"","format":"standard","meta":[],"categories":[7,5,16,14,8],"tags":[],"_links":{"self":[{"href":"https:\/\/www.revistarescatados.com.ar\/web\/wp-json\/wp\/v2\/posts\/22751"}],"collection":[{"href":"https:\/\/www.revistarescatados.com.ar\/web\/wp-json\/wp\/v2\/posts"}],"about":[{"href":"https:\/\/www.revistarescatados.com.ar\/web\/wp-json\/wp\/v2\/types\/post"}],"author":[{"embeddable":true,"href":"https:\/\/www.revistarescatados.com.ar\/web\/wp-json\/wp\/v2\/users\/1"}],"replies":[{"embeddable":true,"href":"https:\/\/www.revistarescatados.com.ar\/web\/wp-json\/wp\/v2\/comments?post=22751"}],"version-history":[{"count":1,"href":"https:\/\/www.revistarescatados.com.ar\/web\/wp-json\/wp\/v2\/posts\/22751\/revisions"}],"predecessor-version":[{"id":22755,"href":"https:\/\/www.revistarescatados.com.ar\/web\/wp-json\/wp\/v2\/posts\/22751\/revisions\/22755"}],"wp:featuredmedia":[{"embeddable":true,"href":"https:\/\/www.revistarescatados.com.ar\/web\/wp-json\/wp\/v2\/media\/22752"}],"wp:attachment":[{"href":"https:\/\/www.revistarescatados.com.ar\/web\/wp-json\/wp\/v2\/media?parent=22751"}],"wp:term":[{"taxonomy":"category","embeddable":true,"href":"https:\/\/www.revistarescatados.com.ar\/web\/wp-json\/wp\/v2\/categories?post=22751"},{"taxonomy":"post_tag","embeddable":true,"href":"https:\/\/www.revistarescatados.com.ar\/web\/wp-json\/wp\/v2\/tags?post=22751"}],"curies":[{"name":"wp","href":"https:\/\/api.w.org\/{rel}","templated":true}]}}