{"id":22756,"date":"2024-10-03T01:45:23","date_gmt":"2024-10-03T04:45:23","guid":{"rendered":"https:\/\/www.revistarescatados.com.ar\/web\/?p=22756"},"modified":"2024-10-03T01:45:23","modified_gmt":"2024-10-03T04:45:23","slug":"ya-funciona-el-cole-urbano-en-san-justo","status":"publish","type":"post","link":"https:\/\/www.revistarescatados.com.ar\/web\/2024\/10\/03\/ya-funciona-el-cole-urbano-en-san-justo\/","title":{"rendered":"Ya funciona el cole urbano en San Justo"},"content":{"rendered":"<p>&nbsp;<\/p>\n<p><strong>Desde el 30 de septiembre comenz\u00f3 a funcionar el colectivo urbano en la ciudad de San Justo. El colectivo inici\u00f3 con 6 horarios diarios y funciona de lunes a viernes de modo gratuito.<\/strong><\/p>\n<p><img loading=\"lazy\" class=\"aligncenter size-large wp-image-22757\" src=\"http:\/\/www.revistarescatados.com.ar\/web\/wp-content\/uploads\/2024\/10\/Colectivo-urbano-San-Justo-1024x1024.jpg\" alt=\"\" width=\"1024\" height=\"1024\" srcset=\"https:\/\/www.revistarescatados.com.ar\/web\/wp-content\/uploads\/2024\/10\/Colectivo-urbano-San-Justo-1024x1024.jpg 1024w, https:\/\/www.revistarescatados.com.ar\/web\/wp-content\/uploads\/2024\/10\/Colectivo-urbano-San-Justo-300x300.jpg 300w, https:\/\/www.revistarescatados.com.ar\/web\/wp-content\/uploads\/2024\/10\/Colectivo-urbano-San-Justo-150x150.jpg 150w, https:\/\/www.revistarescatados.com.ar\/web\/wp-content\/uploads\/2024\/10\/Colectivo-urbano-San-Justo-768x768.jpg 768w, https:\/\/www.revistarescatados.com.ar\/web\/wp-content\/uploads\/2024\/10\/Colectivo-urbano-San-Justo-80x80.jpg 80w, https:\/\/www.revistarescatados.com.ar\/web\/wp-content\/uploads\/2024\/10\/Colectivo-urbano-San-Justo-320x320.jpg 320w, https:\/\/www.revistarescatados.com.ar\/web\/wp-content\/uploads\/2024\/10\/Colectivo-urbano-San-Justo.jpg 1080w\" sizes=\"(max-width: 1024px) 100vw, 1024px\" \/><\/p>\n<p>Luego de un arduo trabajo de preparaci\u00f3n, la ciudad vuelve a tener un colectivo urbano, donde la Comisi\u00f3n de Transporte ha diagramado un recorrido. El colectivo inici\u00f3 con 6 horarios diarios y funciona de lunes a viernes. Son 2 horarios por la ma\u00f1ana, 2 al mediod\u00eda, 1 a la siesta y 1 a la tarde. Mientras funcione el periodo de prueba y adaptaci\u00f3n el boleto del colectivo ser\u00e1 gratuito para todos aquellos que quieran utilizarlo.<\/p>\n<p>\u201cIntentamos llegar lo m\u00e1s cercano posible a cada punto de nuestra ciudad. Sin dudas, habr\u00e1 cuestiones para mejorar, pero lo iremos haciendo en el d\u00eda a d\u00eda, lo que siempre decimos y remarcamos, es que es fundamental poder comenzar\u201d, se\u00f1alaron desde el municipio.<\/p>\n<p>&nbsp;<\/p>\n<p><strong>Inauguraron la Plaza Paul Harris<\/strong><\/p>\n<p>Se llevo a cabo la firma del convenio de padrinazgo del Rotary Club de San Justo con la Plaza N\u00b02 del Barrio Parque, ahora llamada Plaza Paul Harris. Este hermoso proyecto est\u00e1 especialmente destinado a las primeras infancias y la lectura, con la participaci\u00f3n de \u201cLas Abuelas Cuenta Cuentos\u201d y el programa Acompa\u00f1ar desde la Cuna.<\/p>\n<p>Adem\u00e1s, junto con los vecinos, se impulsaron mejoras de los espacios p\u00fablicos con mobiliario urbano reciclado \u00a1hecho de tapitas! gracias a la vinculaci\u00f3n y el convenio con la empresa QUANTA. En la plaza tambi\u00e9n encontrar\u00e1s un dep\u00f3sito de tapitas para continuar este ciclo de reciclaje y as\u00ed poder seguir sumando m\u00e1s mobiliario sostenible.<\/p>\n","protected":false},"excerpt":{"rendered":"<p>&nbsp; Desde el 30 de septiembre comenz\u00f3 a funcionar el colectivo urbano en la ciudad de San Justo. El colectivo inici\u00f3 con 6 horarios diarios y funciona de lunes a viernes de&#46;&#46;&#46;<\/p>\n","protected":false},"author":1,"featured_media":22757,"comment_status":"closed","ping_status":"closed","sticky":false,"template":"","format":"standard","meta":[],"categories":[4,16,14,8],"tags":[],"_links":{"self":[{"href":"https:\/\/www.revistarescatados.com.ar\/web\/wp-json\/wp\/v2\/posts\/22756"}],"collection":[{"href":"https:\/\/www.revistarescatados.com.ar\/web\/wp-json\/wp\/v2\/posts"}],"about":[{"href":"https:\/\/www.revistarescatados.com.ar\/web\/wp-json\/wp\/v2\/types\/post"}],"author":[{"embeddable":true,"href":"https:\/\/www.revistarescatados.com.ar\/web\/wp-json\/wp\/v2\/users\/1"}],"replies":[{"embeddable":true,"href":"https:\/\/www.revistarescatados.com.ar\/web\/wp-json\/wp\/v2\/comments?post=22756"}],"version-history":[{"count":1,"href":"https:\/\/www.revistarescatados.com.ar\/web\/wp-json\/wp\/v2\/posts\/22756\/revisions"}],"predecessor-version":[{"id":22758,"href":"https:\/\/www.revistarescatados.com.ar\/web\/wp-json\/wp\/v2\/posts\/22756\/revisions\/22758"}],"wp:featuredmedia":[{"embeddable":true,"href":"https:\/\/www.revistarescatados.com.ar\/web\/wp-json\/wp\/v2\/media\/22757"}],"wp:attachment":[{"href":"https:\/\/www.revistarescatados.com.ar\/web\/wp-json\/wp\/v2\/media?parent=22756"}],"wp:term":[{"taxonomy":"category","embeddable":true,"href":"https:\/\/www.revistarescatados.com.ar\/web\/wp-json\/wp\/v2\/categories?post=22756"},{"taxonomy":"post_tag","embeddable":true,"href":"https:\/\/www.revistarescatados.com.ar\/web\/wp-json\/wp\/v2\/tags?post=22756"}],"curies":[{"name":"wp","href":"https:\/\/api.w.org\/{rel}","templated":true}]}}