{"id":22778,"date":"2024-10-04T21:37:41","date_gmt":"2024-10-05T00:37:41","guid":{"rendered":"https:\/\/www.revistarescatados.com.ar\/web\/?p=22778"},"modified":"2024-10-04T21:37:41","modified_gmt":"2024-10-05T00:37:41","slug":"santa-fe-a-la-vanguardia-los-parques-industriales-se-reconvierten-en-productivos","status":"publish","type":"post","link":"https:\/\/www.revistarescatados.com.ar\/web\/2024\/10\/04\/santa-fe-a-la-vanguardia-los-parques-industriales-se-reconvierten-en-productivos\/","title":{"rendered":"Santa Fe a la vanguardia: los parques industriales se reconvierten en productivos"},"content":{"rendered":"<p>&nbsp;<\/p>\n<p><strong>El Gobierno provincial envi\u00f3 una nueva ley que busca actualizar la normativa despu\u00e9s de 27 a\u00f1os, para que distintas cadenas productivas convivan en un mismo predio contemplando exenciones impositivas para alentar la radicaci\u00f3n.<\/strong><\/p>\n<p><img loading=\"lazy\" class=\"aligncenter size-large wp-image-22779\" src=\"http:\/\/www.revistarescatados.com.ar\/web\/wp-content\/uploads\/2024\/10\/Bastia-Puccini-1024x768.jpg\" alt=\"\" width=\"1024\" height=\"768\" srcset=\"https:\/\/www.revistarescatados.com.ar\/web\/wp-content\/uploads\/2024\/10\/Bastia-Puccini-1024x768.jpg 1024w, https:\/\/www.revistarescatados.com.ar\/web\/wp-content\/uploads\/2024\/10\/Bastia-Puccini-300x225.jpg 300w, https:\/\/www.revistarescatados.com.ar\/web\/wp-content\/uploads\/2024\/10\/Bastia-Puccini-768x576.jpg 768w, https:\/\/www.revistarescatados.com.ar\/web\/wp-content\/uploads\/2024\/10\/Bastia-Puccini.jpg 1280w\" sizes=\"(max-width: 1024px) 100vw, 1024px\" \/><\/p>\n<p>El Gobierno de Santa Fe elev\u00f3 a la Legislatura un proyecto de parques productivos y zonas de innovaci\u00f3n productiva con el objetivo de favorecer la inversi\u00f3n y la radicaci\u00f3n: \u201cAs\u00ed como sostiene nuestro gobernador Maximiliano Pullaro, Santa Fe tiene todo para sacar adelante al pa\u00eds. Nuestra industria genera valor agregado y arraigo con empleo. Para fomentarla, requiere un Estado que est\u00e9 presente generando la infraestructura necesaria y facilitando la inversi\u00f3n privada. A eso apunta este proyecto que estamos enviando a la Legislatura: a modernizar y aggiornar la normativa a los tiempos actuales para impulsar las \u00e1reas comerciales y de servicio, como as\u00ed tambi\u00e9n lo tecnol\u00f3gico e industrial. Hoy tenemos 55 parques y se proyectan 34 m\u00e1s. Y somos la primera provincia del pa\u00eds en introducir un proyecto de esta escala\u201d, sintetiz\u00f3 el ministro de Desarrollo Productivo, Gustavo Puccini.<br \/>\nLa ley vigente de \u201cparques industriales\u201d es de 1997. La propuesta -elaborada por los equipos t\u00e9cnicos de la Secretar\u00eda de Desarrollo Industrial- es denominarlos \u201cparques productivos\u201d a partir de una visi\u00f3n integral que contemple caracter\u00edsticas industriales, log\u00edsticas, de servicio e innovaci\u00f3n tecnol\u00f3gica. \u201cLa denominaci\u00f3n va mucho m\u00e1s all\u00e1 de un cambio de nombre. La producci\u00f3n evolucion\u00f3 y las leyes deben actualizarse para no quedarse atr\u00e1s y no convertirse en un obst\u00e1culo para el que invierte y apuesta. Tiene que ver con la competitividad y la visi\u00f3n estrat\u00e9gica de nuevas formas de producir. Hoy hablamos de una convivencia y una complementariedad industrial, comercial y fundamentalmente de innovaci\u00f3n tecnol\u00f3gica y cient\u00edfica\u201d, agreg\u00f3 Puccini.<\/p>\n<p>Por otro lado, la norma establece la creaci\u00f3n de la figura de \u201cZona de Innovaci\u00f3n Productiva\u201d que tiene por objetivo que puedan ser: \u00e1reas productivas tecnol\u00f3gicas y distritos productivos tecnol\u00f3gicos. \u201cEsto nos va a permitir declarar un barrio o manzana o edificio con los beneficios de esta ley para el desarrollo de empresas de base tecnol\u00f3gicos\u201d, sintetiz\u00f3 el ministro.<\/p>\n<p><strong>De qu\u00e9 se trata el proyecto<\/strong><\/p>\n<p>El texto -que ingres\u00f3 esta semana en la C\u00e1mara de Senadores-, propone que las empresas que se radiquen en los parques gocen de una tarifa diferencial de la Empresa Provincial de la Energ\u00eda (EPE), as\u00ed como tambi\u00e9n exenci\u00f3n del impuesto de sellos en la escrituraci\u00f3n y de impuesto inmobiliario por 5 a\u00f1os. Adem\u00e1s crea el Fondo Provincial para Parques Productivos, a integrarse por el producido de la venta de lotes en parques productivos provinciales y los fondos que se obtengan de la ejecuci\u00f3n del r\u00e9gimen disciplinario, tales como las multas que se apliquen por incumplimientos a la propia ley. Otra de las novedades es la declaraci\u00f3n de \u201czona de innovaci\u00f3n productiva\u201d, que permitir\u00e1 nombrar de esa forma a cualquier emplazamiento de empresas de base tecnol\u00f3gica &#8211; como la Zona I en Rosario-. Es decir, todo barrio, manzana o edificio que contenga laboratorios, agtech, incubadoras, etc; podr\u00e1 acceder a los beneficios que la ley contempla para el sector.<\/p>\n<p>A su turno, el ministro de Gobierno e Innovaci\u00f3n P\u00fablica, Fabi\u00e1n Bastia, consider\u00f3: \u201cEsta semana ingresamos formalmente el texto a la Legislatura. Se trata de una ley con beneficios y asistencia para las empresas que se radiquen en los parques, siempre con miras a promocionar la generaci\u00f3n de empleo de calidad. Es una parte de un trabajo muy profundo de nuestra gesti\u00f3n para fomentar la actividad productiva que se complementa con inversiones en infraestructura, programas de capacitaci\u00f3n, generaci\u00f3n de l\u00edneas de financiamiento y acompa\u00f1amiento para garantizar el crecimiento y la inserci\u00f3n de las empresas santafesinas en otros mercados\u201d.<\/p>\n","protected":false},"excerpt":{"rendered":"<p>&nbsp; El Gobierno provincial envi\u00f3 una nueva ley que busca actualizar la normativa despu\u00e9s de 27 a\u00f1os, para que distintas cadenas productivas convivan en un mismo predio contemplando exenciones impositivas para alentar&#46;&#46;&#46;<\/p>\n","protected":false},"author":1,"featured_media":22779,"comment_status":"closed","ping_status":"closed","sticky":false,"template":"","format":"standard","meta":[],"categories":[16,10,12],"tags":[],"_links":{"self":[{"href":"https:\/\/www.revistarescatados.com.ar\/web\/wp-json\/wp\/v2\/posts\/22778"}],"collection":[{"href":"https:\/\/www.revistarescatados.com.ar\/web\/wp-json\/wp\/v2\/posts"}],"about":[{"href":"https:\/\/www.revistarescatados.com.ar\/web\/wp-json\/wp\/v2\/types\/post"}],"author":[{"embeddable":true,"href":"https:\/\/www.revistarescatados.com.ar\/web\/wp-json\/wp\/v2\/users\/1"}],"replies":[{"embeddable":true,"href":"https:\/\/www.revistarescatados.com.ar\/web\/wp-json\/wp\/v2\/comments?post=22778"}],"version-history":[{"count":1,"href":"https:\/\/www.revistarescatados.com.ar\/web\/wp-json\/wp\/v2\/posts\/22778\/revisions"}],"predecessor-version":[{"id":22780,"href":"https:\/\/www.revistarescatados.com.ar\/web\/wp-json\/wp\/v2\/posts\/22778\/revisions\/22780"}],"wp:featuredmedia":[{"embeddable":true,"href":"https:\/\/www.revistarescatados.com.ar\/web\/wp-json\/wp\/v2\/media\/22779"}],"wp:attachment":[{"href":"https:\/\/www.revistarescatados.com.ar\/web\/wp-json\/wp\/v2\/media?parent=22778"}],"wp:term":[{"taxonomy":"category","embeddable":true,"href":"https:\/\/www.revistarescatados.com.ar\/web\/wp-json\/wp\/v2\/categories?post=22778"},{"taxonomy":"post_tag","embeddable":true,"href":"https:\/\/www.revistarescatados.com.ar\/web\/wp-json\/wp\/v2\/tags?post=22778"}],"curies":[{"name":"wp","href":"https:\/\/api.w.org\/{rel}","templated":true}]}}