{"id":22910,"date":"2024-10-30T16:22:08","date_gmt":"2024-10-30T19:22:08","guid":{"rendered":"https:\/\/www.revistarescatados.com.ar\/web\/?p=22910"},"modified":"2024-10-30T16:22:08","modified_gmt":"2024-10-30T19:22:08","slug":"ruta-nacional-n11-la-justicia-federal-establecio-un-plazo-maximo-de-tres-meses-para-reparar-el-tramo-vera-malabrigo","status":"publish","type":"post","link":"https:\/\/www.revistarescatados.com.ar\/web\/2024\/10\/30\/ruta-nacional-n11-la-justicia-federal-establecio-un-plazo-maximo-de-tres-meses-para-reparar-el-tramo-vera-malabrigo\/","title":{"rendered":"Ruta Nacional N\u00b011: La Justicia Federal estableci\u00f3 un plazo m\u00e1ximo de tres meses para reparar el tramo Vera-Malabrigo"},"content":{"rendered":"<p>&nbsp;<\/p>\n<p><strong>La medida cautelar impulsada por Dionisio Scarpin logr\u00f3 un fallo clave de la jueza federal subrogante de Reconquista, Zunilda Niremperger, quien orden\u00f3 a la Direcci\u00f3n Nacional de Vialidad implementar acciones inmediatas en el tramo cr\u00edtico de la ruta, entre los kil\u00f3metros 724 y 752.<\/strong><\/p>\n<p><img loading=\"lazy\" class=\"aligncenter size-large wp-image-22911\" src=\"http:\/\/www.revistarescatados.com.ar\/web\/wp-content\/uploads\/2024\/10\/Foto-Scarpin-1024x683.jpg\" alt=\"\" width=\"1024\" height=\"683\" srcset=\"https:\/\/www.revistarescatados.com.ar\/web\/wp-content\/uploads\/2024\/10\/Foto-Scarpin-1024x683.jpg 1024w, https:\/\/www.revistarescatados.com.ar\/web\/wp-content\/uploads\/2024\/10\/Foto-Scarpin-300x200.jpg 300w, https:\/\/www.revistarescatados.com.ar\/web\/wp-content\/uploads\/2024\/10\/Foto-Scarpin-768x512.jpg 768w, https:\/\/www.revistarescatados.com.ar\/web\/wp-content\/uploads\/2024\/10\/Foto-Scarpin.jpg 1248w\" sizes=\"(max-width: 1024px) 100vw, 1024px\" \/><\/p>\n<p>La jueza federal subrogante de Reconquista, Zunilda Niremperger, dispuso un fallo decisivo en respuesta a la cautelar presentada por el diputado provincial Dionisio Scarpin, exigiendo la reparaci\u00f3n del deteriorado tramo Vera-Malabrigo de la Ruta Nacional 11. \u201cLa Justicia nos da una respuesta contundente. En tres meses, los trabajos de bacheo en este sector, uno de los m\u00e1s peligrosos, deber\u00e1n completarse, lo que nos asegura un avance concreto\u201d, destac\u00f3 Scarpin.<\/p>\n<p>&nbsp;<\/p>\n<p>Cabe recordar que, d\u00edas atr\u00e1s, el Juzgado Federal de Reconquista hab\u00eda impuesto medidas transitorias, donde determinaba la presentaci\u00f3n en cinco d\u00edas de un plan de bacheo espec\u00edfico para este tramo de la ruta. Ahora, la Justicia fue m\u00e1s all\u00e1 y fij\u00f3 un plazo de tres meses para realizar las reparaciones completas, junto con la implementaci\u00f3n de se\u00f1alizaci\u00f3n de seguridad y desv\u00edos en un m\u00e1ximo de tres d\u00edas para prevenir accidentes. \u201cEste fallo representa un avance fundamental para evitar m\u00e1s tragedias en una ruta tan vital para la regi\u00f3n\u201d, a\u00f1adi\u00f3 el legislador.<\/p>\n<p>&nbsp;<\/p>\n<p>Dioinisio Scarpin destac\u00f3 la relevancia de la acci\u00f3n judicial para poner freno a los incumplimientos del gobierno nacional y abog\u00f3 por el inicio inmediato de las obras: \u201cEsta ruta es esencial para nuestra regi\u00f3n, y no podemos permitir que siga en ese estado. Este fallo marca el camino hacia una soluci\u00f3n que resguarde la vida de todos los santafesinos que transitamos la Ruta 11\u201d.<\/p>\n","protected":false},"excerpt":{"rendered":"<p>&nbsp; La medida cautelar impulsada por Dionisio Scarpin logr\u00f3 un fallo clave de la jueza federal subrogante de Reconquista, Zunilda Niremperger, quien orden\u00f3 a la Direcci\u00f3n Nacional de Vialidad implementar acciones inmediatas&#46;&#46;&#46;<\/p>\n","protected":false},"author":1,"featured_media":22911,"comment_status":"closed","ping_status":"closed","sticky":false,"template":"","format":"standard","meta":[],"categories":[6,3,16,10,13],"tags":[],"_links":{"self":[{"href":"https:\/\/www.revistarescatados.com.ar\/web\/wp-json\/wp\/v2\/posts\/22910"}],"collection":[{"href":"https:\/\/www.revistarescatados.com.ar\/web\/wp-json\/wp\/v2\/posts"}],"about":[{"href":"https:\/\/www.revistarescatados.com.ar\/web\/wp-json\/wp\/v2\/types\/post"}],"author":[{"embeddable":true,"href":"https:\/\/www.revistarescatados.com.ar\/web\/wp-json\/wp\/v2\/users\/1"}],"replies":[{"embeddable":true,"href":"https:\/\/www.revistarescatados.com.ar\/web\/wp-json\/wp\/v2\/comments?post=22910"}],"version-history":[{"count":1,"href":"https:\/\/www.revistarescatados.com.ar\/web\/wp-json\/wp\/v2\/posts\/22910\/revisions"}],"predecessor-version":[{"id":22912,"href":"https:\/\/www.revistarescatados.com.ar\/web\/wp-json\/wp\/v2\/posts\/22910\/revisions\/22912"}],"wp:featuredmedia":[{"embeddable":true,"href":"https:\/\/www.revistarescatados.com.ar\/web\/wp-json\/wp\/v2\/media\/22911"}],"wp:attachment":[{"href":"https:\/\/www.revistarescatados.com.ar\/web\/wp-json\/wp\/v2\/media?parent=22910"}],"wp:term":[{"taxonomy":"category","embeddable":true,"href":"https:\/\/www.revistarescatados.com.ar\/web\/wp-json\/wp\/v2\/categories?post=22910"},{"taxonomy":"post_tag","embeddable":true,"href":"https:\/\/www.revistarescatados.com.ar\/web\/wp-json\/wp\/v2\/tags?post=22910"}],"curies":[{"name":"wp","href":"https:\/\/api.w.org\/{rel}","templated":true}]}}