{"id":23033,"date":"2024-11-20T01:30:55","date_gmt":"2024-11-20T04:30:55","guid":{"rendered":"https:\/\/www.revistarescatados.com.ar\/web\/?p=23033"},"modified":"2024-11-20T01:31:04","modified_gmt":"2024-11-20T04:31:04","slug":"la-gallareta-se-movilizara-para-reclamar-un-cargo-medico-full-time-para-el-pueblo","status":"publish","type":"post","link":"https:\/\/www.revistarescatados.com.ar\/web\/2024\/11\/20\/la-gallareta-se-movilizara-para-reclamar-un-cargo-medico-full-time-para-el-pueblo\/","title":{"rendered":"La Gallareta se movilizar\u00e1 para reclamar un cargo medico full time para el pueblo"},"content":{"rendered":"<p>&nbsp;<\/p>\n<p><strong>As\u00ed se defini\u00f3 en la asamblea comunitaria en las instalaciones del SAMCo. La marcha pac\u00edfica se realizar\u00e1 el s\u00e1bado 30 de noviembre a las 18 horas, con el fin de visibilizar las necesidades sanitarias del efector.<\/strong><\/p>\n<p>&nbsp;<\/p>\n<p><img loading=\"lazy\" class=\"aligncenter size-large wp-image-23034\" src=\"http:\/\/www.revistarescatados.com.ar\/web\/wp-content\/uploads\/2024\/11\/Samco-La-Gallareta-1024x576.jpg\" alt=\"\" width=\"1024\" height=\"576\" srcset=\"https:\/\/www.revistarescatados.com.ar\/web\/wp-content\/uploads\/2024\/11\/Samco-La-Gallareta-1024x576.jpg 1024w, https:\/\/www.revistarescatados.com.ar\/web\/wp-content\/uploads\/2024\/11\/Samco-La-Gallareta-300x169.jpg 300w, https:\/\/www.revistarescatados.com.ar\/web\/wp-content\/uploads\/2024\/11\/Samco-La-Gallareta-768x432.jpg 768w, https:\/\/www.revistarescatados.com.ar\/web\/wp-content\/uploads\/2024\/11\/Samco-La-Gallareta.jpg 1280w\" sizes=\"(max-width: 1024px) 100vw, 1024px\" \/><\/p>\n<p>Este martes 19 de noviembre de 2024, a pesar de las condiciones clim\u00e1ticas adversas, en la localidad de La Gallareta se llev\u00f3 a cabo la asamblea comunitaria en las instalaciones del SAMCo, con una gran participaci\u00f3n de vecinos comprometidos, a quienes agradecieron profundamente.<\/p>\n<p>Durante la reuni\u00f3n, se abordaron dos temas fundamentales:<\/p>\n<p>1. La recuperaci\u00f3n de la casa del m\u00e9dico.<\/p>\n<p>2. El cumplimiento del cargo de m\u00e9dico full time.<\/p>\n<p>Como resultado, se decidi\u00f3:<\/p>\n<p>Organizar una marcha pac\u00edfica para el s\u00e1bado 30 de noviembre a las 18 horas, con el fin de visibilizar ambos reclamos.<\/p>\n<p>Avanzar con gestiones legales en conjunto con los abogados de la Comuna, el SAMCo y el Nodo de Salud 1.<\/p>\n<p>Desde la instituci\u00f3n agradecieron el compromiso de la comunidad y los invitaron a seguir trabajando juntos por una mejor atenci\u00f3n sanitaria en La Gallareta.<\/p>\n<p>&nbsp;<\/p>\n","protected":false},"excerpt":{"rendered":"<p>&nbsp; As\u00ed se defini\u00f3 en la asamblea comunitaria en las instalaciones del SAMCo. La marcha pac\u00edfica se realizar\u00e1 el s\u00e1bado 30 de noviembre a las 18 horas, con el fin de visibilizar&#46;&#46;&#46;<\/p>\n","protected":false},"author":1,"featured_media":23034,"comment_status":"closed","ping_status":"closed","sticky":false,"template":"","format":"standard","meta":[],"categories":[3,16,10,9],"tags":[],"_links":{"self":[{"href":"https:\/\/www.revistarescatados.com.ar\/web\/wp-json\/wp\/v2\/posts\/23033"}],"collection":[{"href":"https:\/\/www.revistarescatados.com.ar\/web\/wp-json\/wp\/v2\/posts"}],"about":[{"href":"https:\/\/www.revistarescatados.com.ar\/web\/wp-json\/wp\/v2\/types\/post"}],"author":[{"embeddable":true,"href":"https:\/\/www.revistarescatados.com.ar\/web\/wp-json\/wp\/v2\/users\/1"}],"replies":[{"embeddable":true,"href":"https:\/\/www.revistarescatados.com.ar\/web\/wp-json\/wp\/v2\/comments?post=23033"}],"version-history":[{"count":1,"href":"https:\/\/www.revistarescatados.com.ar\/web\/wp-json\/wp\/v2\/posts\/23033\/revisions"}],"predecessor-version":[{"id":23035,"href":"https:\/\/www.revistarescatados.com.ar\/web\/wp-json\/wp\/v2\/posts\/23033\/revisions\/23035"}],"wp:featuredmedia":[{"embeddable":true,"href":"https:\/\/www.revistarescatados.com.ar\/web\/wp-json\/wp\/v2\/media\/23034"}],"wp:attachment":[{"href":"https:\/\/www.revistarescatados.com.ar\/web\/wp-json\/wp\/v2\/media?parent=23033"}],"wp:term":[{"taxonomy":"category","embeddable":true,"href":"https:\/\/www.revistarescatados.com.ar\/web\/wp-json\/wp\/v2\/categories?post=23033"},{"taxonomy":"post_tag","embeddable":true,"href":"https:\/\/www.revistarescatados.com.ar\/web\/wp-json\/wp\/v2\/tags?post=23033"}],"curies":[{"name":"wp","href":"https:\/\/api.w.org\/{rel}","templated":true}]}}