{"id":23093,"date":"2024-11-28T21:47:18","date_gmt":"2024-11-29T00:47:18","guid":{"rendered":"https:\/\/www.revistarescatados.com.ar\/web\/?p=23093"},"modified":"2024-11-28T21:47:18","modified_gmt":"2024-11-29T00:47:18","slug":"la-provincia-de-santa-fe-anuncia-el-pago-de-haberes-a-trabajadores-estatales","status":"publish","type":"post","link":"https:\/\/www.revistarescatados.com.ar\/web\/2024\/11\/28\/la-provincia-de-santa-fe-anuncia-el-pago-de-haberes-a-trabajadores-estatales\/","title":{"rendered":"La provincia de Santa Fe anuncia  el pago de haberes a trabajadores estatales"},"content":{"rendered":"<div><\/div>\n<div><\/div>\n<div><\/div>\n<div><strong>El Gobierno de la Provincia de Santa Fe, a trav\u00e9s del Ministerio de Econom\u00eda, informa que los trabajadores p\u00fablicos percibir\u00e1n sus salarios desde el lunes 2 de diciembre hasta el viernes 6.<\/strong><\/div>\n<div><\/div>\n<div><\/div>\n<div><img loading=\"lazy\" class=\"aligncenter size-large wp-image-103\" src=\"http:\/\/www.revistarescatados.com.ar\/web\/wp-content\/uploads\/2018\/04\/cajero-1024x576.jpg\" alt=\"\" width=\"1024\" height=\"576\" srcset=\"https:\/\/www.revistarescatados.com.ar\/web\/wp-content\/uploads\/2018\/04\/cajero-1024x576.jpg 1024w, https:\/\/www.revistarescatados.com.ar\/web\/wp-content\/uploads\/2018\/04\/cajero-300x169.jpg 300w, https:\/\/www.revistarescatados.com.ar\/web\/wp-content\/uploads\/2018\/04\/cajero-768x432.jpg 768w, https:\/\/www.revistarescatados.com.ar\/web\/wp-content\/uploads\/2018\/04\/cajero.jpg 1920w\" sizes=\"(max-width: 1024px) 100vw, 1024px\" \/><\/div>\n<div><\/div>\n<div><\/div>\n<div><\/div>\n<div>El Gobierno provincial, a trav\u00e9s del Ministerio de Econom\u00eda, inform\u00f3 que los haberes del mes de noviembre se percibir\u00e1n a partir del lunes 2 de diciembre. La liquidaci\u00f3n incluye el incremento acordado en paritarias, que para noviembre contempla un 3 % de aumento tomando como base los salarios de septiembre.<\/div>\n<div><\/div>\n<div><strong>Lunes 2 de diciembre (acreditaci\u00f3n en cuenta s\u00e1bado 30\/11\/2024)<\/strong><\/div>\n<div><\/div>\n<div>* Pasivos a los que les corresponde percibir un monto de bolsillo de hasta $ 863.000.<\/div>\n<div><\/div>\n<div>* Escalaf\u00f3n Policial.<\/div>\n<div><\/div>\n<div><strong>Martes 3 de diciembre<\/strong><\/div>\n<div><\/div>\n<div>* Activos a los que les corresponde percibir un monto de bolsillo de hasta $ 821.000.<\/div>\n<div><\/div>\n<div>* Docentes de Escuelas Privadas Transferidas 1\u00b0 y 2\u00b0 Convenio.<\/div>\n<div><\/div>\n<div><strong>Mi\u00e9rcoles 4 de diciembre<\/strong><\/div>\n<div><\/div>\n<div>* Resto de Activos a los que les corresponde percibir un monto de bolsillo superior a $821.000.<\/div>\n<div><\/div>\n<div>* Docentes de Escuelas Privadas Hist\u00f3ricas.<\/div>\n<div><\/div>\n<div><strong>Jueves 5 de diciembre<\/strong><\/div>\n<div><\/div>\n<div>* Resto de Pasivos a los que les corresponde percibir un monto de bolsillo superior a los $863.000.<\/div>\n<div><\/div>\n<div><strong>Viernes 6 de diciembre<\/strong><\/div>\n<div><\/div>\n<div>* Autoridades Superiores del Poder Judicial, Poder Legislativo y Poder Ejecutivo.<\/div>\n<div><\/div>\n","protected":false},"excerpt":{"rendered":"<p>El Gobierno de la Provincia de Santa Fe, a trav\u00e9s del Ministerio de Econom\u00eda, informa que los trabajadores p\u00fablicos percibir\u00e1n sus salarios desde el lunes 2 de diciembre hasta el viernes 6.&#46;&#46;&#46;<\/p>\n","protected":false},"author":1,"featured_media":905,"comment_status":"closed","ping_status":"closed","sticky":false,"template":"","format":"standard","meta":[],"categories":[16,12,8],"tags":[],"_links":{"self":[{"href":"https:\/\/www.revistarescatados.com.ar\/web\/wp-json\/wp\/v2\/posts\/23093"}],"collection":[{"href":"https:\/\/www.revistarescatados.com.ar\/web\/wp-json\/wp\/v2\/posts"}],"about":[{"href":"https:\/\/www.revistarescatados.com.ar\/web\/wp-json\/wp\/v2\/types\/post"}],"author":[{"embeddable":true,"href":"https:\/\/www.revistarescatados.com.ar\/web\/wp-json\/wp\/v2\/users\/1"}],"replies":[{"embeddable":true,"href":"https:\/\/www.revistarescatados.com.ar\/web\/wp-json\/wp\/v2\/comments?post=23093"}],"version-history":[{"count":1,"href":"https:\/\/www.revistarescatados.com.ar\/web\/wp-json\/wp\/v2\/posts\/23093\/revisions"}],"predecessor-version":[{"id":23094,"href":"https:\/\/www.revistarescatados.com.ar\/web\/wp-json\/wp\/v2\/posts\/23093\/revisions\/23094"}],"wp:featuredmedia":[{"embeddable":true,"href":"https:\/\/www.revistarescatados.com.ar\/web\/wp-json\/wp\/v2\/media\/905"}],"wp:attachment":[{"href":"https:\/\/www.revistarescatados.com.ar\/web\/wp-json\/wp\/v2\/media?parent=23093"}],"wp:term":[{"taxonomy":"category","embeddable":true,"href":"https:\/\/www.revistarescatados.com.ar\/web\/wp-json\/wp\/v2\/categories?post=23093"},{"taxonomy":"post_tag","embeddable":true,"href":"https:\/\/www.revistarescatados.com.ar\/web\/wp-json\/wp\/v2\/tags?post=23093"}],"curies":[{"name":"wp","href":"https:\/\/api.w.org\/{rel}","templated":true}]}}