{"id":23095,"date":"2024-11-28T22:14:15","date_gmt":"2024-11-29T01:14:15","guid":{"rendered":"https:\/\/www.revistarescatados.com.ar\/web\/?p=23095"},"modified":"2024-11-28T22:14:15","modified_gmt":"2024-11-29T01:14:15","slug":"brutal-ataque-sufrio-una-pareja-de-jovenes-en-calchaqui","status":"publish","type":"post","link":"https:\/\/www.revistarescatados.com.ar\/web\/2024\/11\/28\/brutal-ataque-sufrio-una-pareja-de-jovenes-en-calchaqui\/","title":{"rendered":"Brutal ataque sufri\u00f3 una pareja de j\u00f3venes en Calchaqu\u00ed"},"content":{"rendered":"<p><strong>El agresor de 22 a\u00f1os desobedeci\u00f3 una restricci\u00f3n de acercamiento y violentamente los atac\u00f3 cuando se trasladaban en una moto. Un joven de 18 a\u00f1os result\u00f3 con serias lesiones como tambi\u00e9n su novia de 17 a\u00f1os. Exigen que el Poder Judicial tome medidas firmes para proteger a las v\u00edctimas y prevenir futuros episodios de violencia.<\/strong><\/p>\n<p><img loading=\"lazy\" class=\"aligncenter size-full wp-image-23096\" src=\"http:\/\/www.revistarescatados.com.ar\/web\/wp-content\/uploads\/2024\/11\/Jovel-Golpeado.jpg\" alt=\"\" width=\"495\" height=\"589\" srcset=\"https:\/\/www.revistarescatados.com.ar\/web\/wp-content\/uploads\/2024\/11\/Jovel-Golpeado.jpg 495w, https:\/\/www.revistarescatados.com.ar\/web\/wp-content\/uploads\/2024\/11\/Jovel-Golpeado-252x300.jpg 252w\" sizes=\"(max-width: 495px) 100vw, 495px\" \/><br \/>\nUn violento episodio conmocion\u00f3 a la comunidad de Calchaqu\u00ed el martes 26 de noviembre de 2024. Juan Mart\u00edn Cardonatti, de 18 a\u00f1os, y su novia de 17, fueron atacados por Pablo Claro, expareja de la menor, quien desobedeci\u00f3 una restricci\u00f3n de acercamiento y los agredi\u00f3 f\u00edsicamente.<\/p>\n<p>El hecho ocurri\u00f3 alrededor de las 22:00, cuando los j\u00f3venes sal\u00edan en moto de la radio donde trabaja Juan Mart\u00edn. Claro los persigui\u00f3 y les cerr\u00f3 el paso, provocando que cayeran al suelo. En ese momento, aprovech\u00f3 para golpear brutalmente al joven, quien qued\u00f3 atrapado bajo la moto. Seg\u00fan relat\u00f3 Walter Cardonatti, padre de Juan, el agresor le propin\u00f3 golpes en el rostro y los test\u00edculos, dej\u00e1ndolo gravemente herido.<\/p>\n<p>Como resultado de la golpiza, Juan sufri\u00f3 una fisura en el tabique nasal y fuertes dolores que lo llevaron a ser internado primero en el Hospital de Calchaqu\u00ed y luego derivado al Hospital de Reconquista para realizarse tomograf\u00edas. Adem\u00e1s, sufri\u00f3 convulsiones y un intenso dolor en los genitales. \u00abEst\u00e1 muy dolorido y no recuerda mucho de lo sucedido\u00bb, expres\u00f3 su padre.<\/p>\n<p>Por su parte, la menor result\u00f3 con raspones y moretones tras la ca\u00edda y un intento del agresor por arrastrarla. Una vecina que presenci\u00f3 el ataque relat\u00f3 que intervinieron para separarla de Claro.<\/p>\n<p>El violento fue detenido por la polic\u00eda y qued\u00f3 a disposici\u00f3n del fiscal Alejandro Rodr\u00edguez, quien llevar\u00e1 adelante la audiencia imputativa.<\/p>\n<p>Este no fue el primer episodio de violencia por parte de Claro. Seg\u00fan denunciaron los familiares, el joven hab\u00eda amenazado reiteradamente a Juan Mart\u00edn y a su novia, incluso a trav\u00e9s de mensajes, y desobedeci\u00f3 en varias ocasiones la restricci\u00f3n perimetral.<\/p>\n<p>Walter Cardonatti manifest\u00f3 su preocupaci\u00f3n por la situaci\u00f3n: \u00abEste agresor no est\u00e1 en sus cabales. No podemos esperar que ocurra una tragedia para que la Justicia act\u00fae\u00bb. Adem\u00e1s, se\u00f1al\u00f3 que el comportamiento de Claro podr\u00eda estar vinculado no solo a celos, sino a represalias por su postura contra el narcotr\u00e1fico en la zona.<\/p>\n<p>Exigen que el Poder Judicial tome medidas firmes para proteger a las v\u00edctimas y prevenir futuros episodios de violencia.<\/p>\n<p><em><strong>Fuente: Radio Amanecer<\/strong><\/em><\/p>\n","protected":false},"excerpt":{"rendered":"<p>El agresor de 22 a\u00f1os desobedeci\u00f3 una restricci\u00f3n de acercamiento y violentamente los atac\u00f3 cuando se trasladaban en una moto. Un joven de 18 a\u00f1os result\u00f3 con serias lesiones como tambi\u00e9n su&#46;&#46;&#46;<\/p>\n","protected":false},"author":1,"featured_media":23096,"comment_status":"closed","ping_status":"closed","sticky":false,"template":"","format":"standard","meta":[],"categories":[2,16,11,8],"tags":[],"_links":{"self":[{"href":"https:\/\/www.revistarescatados.com.ar\/web\/wp-json\/wp\/v2\/posts\/23095"}],"collection":[{"href":"https:\/\/www.revistarescatados.com.ar\/web\/wp-json\/wp\/v2\/posts"}],"about":[{"href":"https:\/\/www.revistarescatados.com.ar\/web\/wp-json\/wp\/v2\/types\/post"}],"author":[{"embeddable":true,"href":"https:\/\/www.revistarescatados.com.ar\/web\/wp-json\/wp\/v2\/users\/1"}],"replies":[{"embeddable":true,"href":"https:\/\/www.revistarescatados.com.ar\/web\/wp-json\/wp\/v2\/comments?post=23095"}],"version-history":[{"count":1,"href":"https:\/\/www.revistarescatados.com.ar\/web\/wp-json\/wp\/v2\/posts\/23095\/revisions"}],"predecessor-version":[{"id":23097,"href":"https:\/\/www.revistarescatados.com.ar\/web\/wp-json\/wp\/v2\/posts\/23095\/revisions\/23097"}],"wp:featuredmedia":[{"embeddable":true,"href":"https:\/\/www.revistarescatados.com.ar\/web\/wp-json\/wp\/v2\/media\/23096"}],"wp:attachment":[{"href":"https:\/\/www.revistarescatados.com.ar\/web\/wp-json\/wp\/v2\/media?parent=23095"}],"wp:term":[{"taxonomy":"category","embeddable":true,"href":"https:\/\/www.revistarescatados.com.ar\/web\/wp-json\/wp\/v2\/categories?post=23095"},{"taxonomy":"post_tag","embeddable":true,"href":"https:\/\/www.revistarescatados.com.ar\/web\/wp-json\/wp\/v2\/tags?post=23095"}],"curies":[{"name":"wp","href":"https:\/\/api.w.org\/{rel}","templated":true}]}}