{"id":2313,"date":"2018-10-11T12:32:36","date_gmt":"2018-10-11T15:32:36","guid":{"rendered":"http:\/\/www.revistarescatados.com.ar\/web\/?p=2313"},"modified":"2018-10-11T12:32:36","modified_gmt":"2018-10-11T15:32:36","slug":"se-realizo-el-ciclo-de-conferencias-un-norte-en-comun-en-tostado","status":"publish","type":"post","link":"https:\/\/www.revistarescatados.com.ar\/web\/2018\/10\/11\/se-realizo-el-ciclo-de-conferencias-un-norte-en-comun-en-tostado\/","title":{"rendered":"Se realiz\u00f3 el ciclo de conferencias \u201cUn norte en com\u00fan\u201d en Tostado"},"content":{"rendered":"<p>&nbsp;<\/p>\n<p><img loading=\"lazy\" class=\"aligncenter size-full wp-image-2314\" src=\"http:\/\/www.revistarescatados.com.ar\/web\/wp-content\/uploads\/2018\/10\/UNC-Tostado.jpg\" alt=\"\" width=\"1280\" height=\"853\" srcset=\"https:\/\/www.revistarescatados.com.ar\/web\/wp-content\/uploads\/2018\/10\/UNC-Tostado.jpg 1280w, https:\/\/www.revistarescatados.com.ar\/web\/wp-content\/uploads\/2018\/10\/UNC-Tostado-300x200.jpg 300w, https:\/\/www.revistarescatados.com.ar\/web\/wp-content\/uploads\/2018\/10\/UNC-Tostado-768x512.jpg 768w, https:\/\/www.revistarescatados.com.ar\/web\/wp-content\/uploads\/2018\/10\/UNC-Tostado-1024x682.jpg 1024w\" sizes=\"(max-width: 1280px) 100vw, 1280px\" \/><br \/>\n<span style=\"color: #0000ff;\"><strong>El evento organizado por el Plan del Norte del Gobierno de Santa Fe y el Consejo Federal de Inversiones (CFI) se llev\u00f3 a cabo el pasado martes 9 de octubre, desde las 14.30 horas, en el Club Atl\u00e9tico Tostado, con la presencia de disertantes regionales, provinciales y nacionales.<\/strong><\/span><\/p>\n<p>La ministra de Salud, Andrea Uboldi indic\u00f3 que \u201ctengo la suerte de haber recorrido mucho la provincia, as\u00ed que conozco varios lugares, y hay un imaginario de los que son de las grandes ciudades, cuando nombro localidades como Gato Colorado o Pozo Borrado, de preguntarse qu\u00e9 es esto. Y si uno invita a que nuestros grupos de Salud que residen en otro sitio, venga a estos lugares donde hay maquinaria de rayos, laboratorios, odontolog\u00eda, infraestructura y equipos tan motivados para trabajar, seguramente, se animar\u00edan a vivir aqu\u00ed. Por eso, nuestro desaf\u00edo es hacer conocer nuestras localidades, y apoyar a quienes est\u00e1n para que decidan quedarse, arraigarse y seguir creciendo\u201d.<\/p>\n<p>Por su parte, el coordinador del Plan del Norte, Sergio Rojas, sostuvo que \u201cempezamos el 18 de septiembre en Vera, con la primera de estas jornadas, y hoy la segunda es Tostado. Cuando nosotros ve\u00edamos que avanz\u00e1bamos con la posibilidad de concretar los distintos proyectos que conforman el Plan del Norte, los cuales son 130, tambi\u00e9n nos d\u00e1bamos cuenta que era necesario generar este tipo de espacios de debate, reflexi\u00f3n y capacitaci\u00f3n, donde podamos reconocer otras experiencias y escuchar a quienes tienen un camino diferente vinculado al desarrollo y al arraigo, porque \u00e9stos son objetivos fundamentales del Plan del Norte\u201d.<\/p>\n<p>El intendente de la ciudad de Tostado, Enrique Mualem, explic\u00f3 que \u201chay muchos aspectos donde podamos crecer en este Plan del Norte, y por eso tenemos que agradecer, tanto este tipo de charlas, como la gran cantidad de obras que est\u00e1 haciendo el gobierno provincial. Todas las cuestiones de salud, educaci\u00f3n, capacitaciones, las herramientas que nos dan, son lo que nos debe permitir el arraigo en este norte que antes fue postergado. Quiero agradecerles, darles la bienvenida y espero que cada uno de ustedes pueda aprovechar estos temas\u201d.<\/p>\n<p><span style=\"color: #0000ff;\"><strong>DISERTANTES<\/strong><\/span><\/p>\n<p>El encuentro gratuito destinado a gobiernos locales, organizaciones sociales, emprendedores y p\u00fablico en general, comenz\u00f3 a las 14.30 y finaliz\u00f3 a las 19 horas, en el Club Atl\u00e9tico Tostado.<\/p>\n<p>El secretario de Trabajo y Seguridad Social, Leonardo Panozzo present\u00f3 al primer disertante del d\u00eda, Enrique V\u00e9nica, ingeniero agr\u00f3nomo y socio gerente de Naturaleza Viva SRL, una granja agroecol\u00f3gica con 30 a\u00f1os de antig\u00fcedad ubicada en Guadalupe Norte, que tiene por objetivo producir alimentos sanos de alto valor biol\u00f3gico y nutricional, libres de contaminantes y antibi\u00f3ticos, potenciando los recursos naturales y preservando el medio ambiente. Una experiencia emblem\u00e1tica de que es posible emprender con consciencia y compromiso social y medioambiental.<\/p>\n<p>V\u00e9nica dialog\u00f3 sobre \u201cProducci\u00f3n, sociedad y medio ambiente: claves de integraci\u00f3n\u201d, y sostuvo que \u201cnunca las condiciones fueron tan favorables para el emprender sistemas productivos integrales. Estamos confundidos en la esfera del hacer. Debemos pasar del pensamiento lineal al sentimiento espacial estrat\u00e9gico\u201d.<\/p>\n<p>Seguidamente, fue el turno de la coordinadora del Gabinete Joven de la Regi\u00f3n 1, Luciana Sabena, quien moder\u00f3 el segundo espacio, con Luciano S\u00e1nchez, miembro fundador de asociaci\u00f3n civil Quebrachito, del Festival de la Memoria y Forestal Rock. Dicha organizaci\u00f3n juvenil tiene por objetivo el realizar trabajos comunitarios en el pueblo, que incentiven a los j\u00f3venes a comprometerse con la realidad social-pol\u00edtica y, al mismo tiempo, profundizar sus conocimiento y lograr una visi\u00f3n abarcativa.<\/p>\n<p>S\u00e1nchez habl\u00f3 acerca de los \u201cQuebrachito: una experiencia de construcci\u00f3n juvenil, colectiva y autogestiva en el noreste santafesino\u201d, haciendo hincapi\u00e9 en que \u201cel trabajo colectivo implica practicarlo desde las bases, desde la organizaci\u00f3n. En un mundo donde reina el individualismo, siempre lo colectivo es una espina, porque nos lleva a modificar comportamientos. Nunca quisimos ideas predise\u00f1adas sino pensar juntos en las soluciones\u201d.<\/p>\n<p>El secretario de Desarrollo Territorial, Mauro Casella, introdujo a Norberto Kleiman y Ra\u00fal Bianciotti, de la Fundaci\u00f3n Grameen, la cual presenta un sistema de microcr\u00e9dito destinado a beneficiar a los m\u00e1s carenciados, con la intenci\u00f3n de que puedan desarrollar sus propios proyectos. El fundador de Grameen a nivel internacional, Muhammad Yunus, recibi\u00f3 el Premio Nobel de la Paz en 2006, por sus esfuerzos para incentivar el desarrollo social y econ\u00f3mico desde abajo.<\/p>\n<p>Ambos disertaron sobre \u201cConfianza, responsabilidad y solidaridad para salir de la pobreza. La experiencia de Grameen en Rosario\u201d.<\/p>\n<p>Por su parte, Kleiman argument\u00f3 que \u201csomos conscientes que no vamos a terminar con la pobreza, pero s\u00ed contribuimos a que algunas personas salgan de ella mediante su propio esfuerzo y mejoren su calidad de vida. Lo que funciona como garant\u00eda en Grameen es la historia de vida de las personas\u201d.<\/p>\n<p>En esa direcci\u00f3n, Bianciotti apunt\u00f3 al porcentaje de devoluciones de los microcr\u00e9ditos en el denominado \u201cBanco de los Pobres\u201d, que es del 98,5% y defini\u00f3 que \u201ccuando una persona carece de cualquier oportunidad y se le abre una puerta, esa persona cuida y hace lo que sea para que esa puerta se mantenga abierta\u201d.<\/p>\n<p>Por \u00faltimo, Sergio Rojas se acerc\u00f3 al escenario e invit\u00f3 a sumarse a Ezequiel Fern\u00e1ndez Moores, elegido como uno de los 10 mejores periodistas de la d\u00e9cada por TEA y ganador del Premio Konex en varias oportunidades.<\/p>\n<p>Fern\u00e1ndez Moores hizo paralelismos entre la vida cotidiana y el deporte, resaltando el papel social de los clubes en nuestro pa\u00eds, aseverando que \u201ces muy dif\u00edcil encontrar en otros pa\u00edses la cultura de clubes que tenemos en la Argentina. El club es un lugar en el que s\u00ed podemos estar juntos, porque aqu\u00ed la patria es el barrio y el barrio es el club. El club tiene una lealtad con la comunidad que lo antecede. El club es un lugar que trata de nosotros y no de yo\u201d.<\/p>\n","protected":false},"excerpt":{"rendered":"<p>&nbsp; El evento organizado por el Plan del Norte del Gobierno de Santa Fe y el Consejo Federal de Inversiones (CFI) se llev\u00f3 a cabo el pasado martes 9 de octubre, desde&#46;&#46;&#46;<\/p>\n","protected":false},"author":1,"featured_media":2314,"comment_status":"closed","ping_status":"open","sticky":false,"template":"","format":"standard","meta":[],"categories":[3,14,8],"tags":[],"_links":{"self":[{"href":"https:\/\/www.revistarescatados.com.ar\/web\/wp-json\/wp\/v2\/posts\/2313"}],"collection":[{"href":"https:\/\/www.revistarescatados.com.ar\/web\/wp-json\/wp\/v2\/posts"}],"about":[{"href":"https:\/\/www.revistarescatados.com.ar\/web\/wp-json\/wp\/v2\/types\/post"}],"author":[{"embeddable":true,"href":"https:\/\/www.revistarescatados.com.ar\/web\/wp-json\/wp\/v2\/users\/1"}],"replies":[{"embeddable":true,"href":"https:\/\/www.revistarescatados.com.ar\/web\/wp-json\/wp\/v2\/comments?post=2313"}],"version-history":[{"count":1,"href":"https:\/\/www.revistarescatados.com.ar\/web\/wp-json\/wp\/v2\/posts\/2313\/revisions"}],"predecessor-version":[{"id":2315,"href":"https:\/\/www.revistarescatados.com.ar\/web\/wp-json\/wp\/v2\/posts\/2313\/revisions\/2315"}],"wp:featuredmedia":[{"embeddable":true,"href":"https:\/\/www.revistarescatados.com.ar\/web\/wp-json\/wp\/v2\/media\/2314"}],"wp:attachment":[{"href":"https:\/\/www.revistarescatados.com.ar\/web\/wp-json\/wp\/v2\/media?parent=2313"}],"wp:term":[{"taxonomy":"category","embeddable":true,"href":"https:\/\/www.revistarescatados.com.ar\/web\/wp-json\/wp\/v2\/categories?post=2313"},{"taxonomy":"post_tag","embeddable":true,"href":"https:\/\/www.revistarescatados.com.ar\/web\/wp-json\/wp\/v2\/tags?post=2313"}],"curies":[{"name":"wp","href":"https:\/\/api.w.org\/{rel}","templated":true}]}}