{"id":23148,"date":"2024-12-05T16:53:44","date_gmt":"2024-12-05T19:53:44","guid":{"rendered":"https:\/\/www.revistarescatados.com.ar\/web\/?p=23148"},"modified":"2024-12-05T16:53:44","modified_gmt":"2024-12-05T19:53:44","slug":"berna-celebro-su-135-aniversario-fundacional","status":"publish","type":"post","link":"https:\/\/www.revistarescatados.com.ar\/web\/2024\/12\/05\/berna-celebro-su-135-aniversario-fundacional\/","title":{"rendered":"Berna celebr\u00f3 su 135 aniversario fundacional"},"content":{"rendered":"<p>&nbsp;<\/p>\n<p><strong>Se realiz\u00f3 la tradicional bicicleteada y el acto protocolar. Adem\u00e1s, se present\u00f3 un utilitario 0 km adquirido por la Comuna Local.<\/strong><\/p>\n<p><img loading=\"lazy\" class=\"aligncenter size-large wp-image-23149\" src=\"http:\/\/www.revistarescatados.com.ar\/web\/wp-content\/uploads\/2024\/12\/Berna-1024x768.jpg\" alt=\"\" width=\"1024\" height=\"768\" srcset=\"https:\/\/www.revistarescatados.com.ar\/web\/wp-content\/uploads\/2024\/12\/Berna-1024x768.jpg 1024w, https:\/\/www.revistarescatados.com.ar\/web\/wp-content\/uploads\/2024\/12\/Berna-300x225.jpg 300w, https:\/\/www.revistarescatados.com.ar\/web\/wp-content\/uploads\/2024\/12\/Berna-768x576.jpg 768w, https:\/\/www.revistarescatados.com.ar\/web\/wp-content\/uploads\/2024\/12\/Berna-1536x1152.jpg 1536w, https:\/\/www.revistarescatados.com.ar\/web\/wp-content\/uploads\/2024\/12\/Berna.jpg 2048w\" sizes=\"(max-width: 1024px) 100vw, 1024px\" \/><\/p>\n<p>Se hizo la tradicional bicicleada recorriendo el pueblo, colocando una ofrenda floral al fundador Juan Liechti en el cementerio local. M\u00e1s de 80 premios entregados y hubo una participaci\u00f3n de 315 vecinos.<\/p>\n<p>En el play\u00f3n comunal se realiz\u00f3 el acto protocolar por el 135 aniversario de la localidad. El ceremonial y conducci\u00f3n del evento estuvo a cargo de la secretaria administrativa Mariana Maidana y la acompa\u00f1aron Tania y Alma Zampar.<\/p>\n<p>Presidi\u00f3 el acto el presidente comunal Dr. Danilo Rafael Feresin, acompa\u00f1ado por la tesorera Prof. Carla Vanesa Maidana.\u00a0 Adem\u00e1s estuvo presente el diputado provincial Emiliano Peralta, el intendente de Malabrigo Roberto Spont\u00f3n y el delegado de gobierno provincial zona norte Oscar Duarte.<\/p>\n<p>Acompa\u00f1aron el acto las banderas de ceremonias de la Comuna, Escuela Nacional Republica de Suiza N\u00b0 6116, \u00a0Escuela de Educaci\u00f3n Secundaria Orientada N\u00b0 594, CAEBA N\u00daCLEO 10.009 centros 170 y 179, y la bandera de La Paz de la Biblioteca Popular Laura Rold\u00e1n<\/p>\n<p>En la faz art\u00edstica, actuaron las escuelas de danza PANAMBI de las profesoras Rocio Lugo y Priscila Suligoy y Ra\u00edces Criollas de la profesora Abigail Ledesma.<\/p>\n<p>En la ocasi\u00f3n se present\u00f3 el utilitario 0km, adquirido por medio de fondos obras menores 2024 y venta de t\u00edtulos P\u00fablicos decreto 2124\/22TX26.<\/p>\n<p>Al final se entregaron los regalos donados para premiar el esfuerzo y la participaci\u00f3n en la bicicleteada. Se sortearon 3 bicicletas, una donada por Cementados Zampar de Malabrigo y el club Sol de Mayo Berna y otras dos compradas por la Comuna.<\/p>\n<p>Asimismo, se reconocieron a los ganadores del primer Concurso Fotogr\u00e1fico &#8220;Esencias de nuestro lugar&#8221;: Dalma Coronel, Gabriela Rodr\u00edguez y el ni\u00f1o Lionel Bustamante.<\/p>\n","protected":false},"excerpt":{"rendered":"<p>&nbsp; Se realiz\u00f3 la tradicional bicicleteada y el acto protocolar. Adem\u00e1s, se present\u00f3 un utilitario 0 km adquirido por la Comuna Local. Se hizo la tradicional bicicleada recorriendo el pueblo, colocando una&#46;&#46;&#46;<\/p>\n","protected":false},"author":1,"featured_media":23149,"comment_status":"closed","ping_status":"closed","sticky":false,"template":"","format":"standard","meta":[],"categories":[6,16,10,14,8],"tags":[],"_links":{"self":[{"href":"https:\/\/www.revistarescatados.com.ar\/web\/wp-json\/wp\/v2\/posts\/23148"}],"collection":[{"href":"https:\/\/www.revistarescatados.com.ar\/web\/wp-json\/wp\/v2\/posts"}],"about":[{"href":"https:\/\/www.revistarescatados.com.ar\/web\/wp-json\/wp\/v2\/types\/post"}],"author":[{"embeddable":true,"href":"https:\/\/www.revistarescatados.com.ar\/web\/wp-json\/wp\/v2\/users\/1"}],"replies":[{"embeddable":true,"href":"https:\/\/www.revistarescatados.com.ar\/web\/wp-json\/wp\/v2\/comments?post=23148"}],"version-history":[{"count":1,"href":"https:\/\/www.revistarescatados.com.ar\/web\/wp-json\/wp\/v2\/posts\/23148\/revisions"}],"predecessor-version":[{"id":23150,"href":"https:\/\/www.revistarescatados.com.ar\/web\/wp-json\/wp\/v2\/posts\/23148\/revisions\/23150"}],"wp:featuredmedia":[{"embeddable":true,"href":"https:\/\/www.revistarescatados.com.ar\/web\/wp-json\/wp\/v2\/media\/23149"}],"wp:attachment":[{"href":"https:\/\/www.revistarescatados.com.ar\/web\/wp-json\/wp\/v2\/media?parent=23148"}],"wp:term":[{"taxonomy":"category","embeddable":true,"href":"https:\/\/www.revistarescatados.com.ar\/web\/wp-json\/wp\/v2\/categories?post=23148"},{"taxonomy":"post_tag","embeddable":true,"href":"https:\/\/www.revistarescatados.com.ar\/web\/wp-json\/wp\/v2\/tags?post=23148"}],"curies":[{"name":"wp","href":"https:\/\/api.w.org\/{rel}","templated":true}]}}