{"id":23154,"date":"2024-12-05T17:07:41","date_gmt":"2024-12-05T20:07:41","guid":{"rendered":"https:\/\/www.revistarescatados.com.ar\/web\/?p=23154"},"modified":"2024-12-05T17:07:41","modified_gmt":"2024-12-05T20:07:41","slug":"siniestro-vial-en-el-camino-a-laguna-el-cristal-en-calchaqui","status":"publish","type":"post","link":"https:\/\/www.revistarescatados.com.ar\/web\/2024\/12\/05\/siniestro-vial-en-el-camino-a-laguna-el-cristal-en-calchaqui\/","title":{"rendered":"Siniestro vial en el camino a Laguna El Cristal en Calchaqu\u00ed"},"content":{"rendered":"<div class=\"xdj266r x11i5rnm xat24cr x1mh8g0r x1vvkbs x126k92a\">\n<div dir=\"auto\"><strong>El auto que transportaba a una familia de Gobernador Crespo volc\u00f3 y sus seis integrantes, entre ellos cuatro ni\u00f1os menores de edad, resultaron con lesiones varias. Fueron asistidos en la guardia del efector de salud p\u00fablico de Calchaqu\u00ed.<\/strong><\/div>\n<div dir=\"auto\"><img loading=\"lazy\" class=\"aligncenter size-full wp-image-23155\" src=\"http:\/\/www.revistarescatados.com.ar\/web\/wp-content\/uploads\/2024\/12\/auto-volcado.jpg\" alt=\"\" width=\"960\" height=\"540\" srcset=\"https:\/\/www.revistarescatados.com.ar\/web\/wp-content\/uploads\/2024\/12\/auto-volcado.jpg 960w, https:\/\/www.revistarescatados.com.ar\/web\/wp-content\/uploads\/2024\/12\/auto-volcado-300x169.jpg 300w, https:\/\/www.revistarescatados.com.ar\/web\/wp-content\/uploads\/2024\/12\/auto-volcado-768x432.jpg 768w\" sizes=\"(max-width: 960px) 100vw, 960px\" \/><\/div>\n<div dir=\"auto\"><\/div>\n<\/div>\n<div class=\"x11i5rnm xat24cr x1mh8g0r x1vvkbs xtlvy1s x126k92a\">\n<div dir=\"auto\">Personal policial de la Comisaria 2da. de Calchaqu\u00ed este mi\u00e9rcoles 4 de diciembre, a las15 horas fue comisionado al camino rural de laguna Cristal.<\/div>\n<div dir=\"auto\"><\/div>\n<\/div>\n<div class=\"x11i5rnm xat24cr x1mh8g0r x1vvkbs xtlvy1s x126k92a\">\n<div dir=\"auto\">Por causas que se tratan de establecer, un autom\u00f3vil Renault Logan, color gris, habr\u00eda perdido el control del veh\u00edculo, sin intervenci\u00f3n de terceros.<\/div>\n<div dir=\"auto\"><\/div>\n<\/div>\n<div class=\"x11i5rnm xat24cr x1mh8g0r x1vvkbs xtlvy1s x126k92a\">\n<div dir=\"auto\">Al momento del siniestro era conducido por <strong>Roberto Nicol\u00e1s Galeano de 30 a\u00f1os de edad<\/strong>; acompa\u00f1ado por <strong>Perla Marina Zappia de 29 a\u00f1os de edad<\/strong> y cuatro menores de 5, 7, 9 y 12 a\u00f1os de edad. Todos domiciliados en la localidad de Gobernador Crespo.<\/div>\n<div dir=\"auto\"><\/div>\n<\/div>\n<div class=\"x11i5rnm xat24cr x1mh8g0r x1vvkbs xtlvy1s x126k92a\">\n<div dir=\"auto\">Fueron trasladados en ambulancia al hospital de la ciudad de Calchaqu\u00ed para para su atenci\u00f3n m\u00e9dica.<\/div>\n<\/div>\n","protected":false},"excerpt":{"rendered":"<p>El auto que transportaba a una familia de Gobernador Crespo volc\u00f3 y sus seis integrantes, entre ellos cuatro ni\u00f1os menores de edad, resultaron con lesiones varias. Fueron asistidos en la guardia del&#46;&#46;&#46;<\/p>\n","protected":false},"author":1,"featured_media":23155,"comment_status":"closed","ping_status":"closed","sticky":false,"template":"","format":"standard","meta":[],"categories":[2,4,3,16,11],"tags":[],"_links":{"self":[{"href":"https:\/\/www.revistarescatados.com.ar\/web\/wp-json\/wp\/v2\/posts\/23154"}],"collection":[{"href":"https:\/\/www.revistarescatados.com.ar\/web\/wp-json\/wp\/v2\/posts"}],"about":[{"href":"https:\/\/www.revistarescatados.com.ar\/web\/wp-json\/wp\/v2\/types\/post"}],"author":[{"embeddable":true,"href":"https:\/\/www.revistarescatados.com.ar\/web\/wp-json\/wp\/v2\/users\/1"}],"replies":[{"embeddable":true,"href":"https:\/\/www.revistarescatados.com.ar\/web\/wp-json\/wp\/v2\/comments?post=23154"}],"version-history":[{"count":1,"href":"https:\/\/www.revistarescatados.com.ar\/web\/wp-json\/wp\/v2\/posts\/23154\/revisions"}],"predecessor-version":[{"id":23156,"href":"https:\/\/www.revistarescatados.com.ar\/web\/wp-json\/wp\/v2\/posts\/23154\/revisions\/23156"}],"wp:featuredmedia":[{"embeddable":true,"href":"https:\/\/www.revistarescatados.com.ar\/web\/wp-json\/wp\/v2\/media\/23155"}],"wp:attachment":[{"href":"https:\/\/www.revistarescatados.com.ar\/web\/wp-json\/wp\/v2\/media?parent=23154"}],"wp:term":[{"taxonomy":"category","embeddable":true,"href":"https:\/\/www.revistarescatados.com.ar\/web\/wp-json\/wp\/v2\/categories?post=23154"},{"taxonomy":"post_tag","embeddable":true,"href":"https:\/\/www.revistarescatados.com.ar\/web\/wp-json\/wp\/v2\/tags?post=23154"}],"curies":[{"name":"wp","href":"https:\/\/api.w.org\/{rel}","templated":true}]}}