{"id":23158,"date":"2024-12-06T02:23:53","date_gmt":"2024-12-06T05:23:53","guid":{"rendered":"https:\/\/www.revistarescatados.com.ar\/web\/?p=23158"},"modified":"2024-12-06T02:23:53","modified_gmt":"2024-12-06T05:23:53","slug":"dionisio-scarpin-dimos-un-paso-historico-para-construir-una-provincia-con-reglas-modernas-y-justas","status":"publish","type":"post","link":"https:\/\/www.revistarescatados.com.ar\/web\/2024\/12\/06\/dionisio-scarpin-dimos-un-paso-historico-para-construir-una-provincia-con-reglas-modernas-y-justas\/","title":{"rendered":"Dionisio Scarpin: \u201cDimos un paso hist\u00f3rico para construir una provincia con reglas modernas y justas\u201d"},"content":{"rendered":"<p>&nbsp;<\/p>\n<p><strong>As\u00ed se expres\u00f3 el diputado provincial tras la aprobaci\u00f3n, en la C\u00e1mara de Diputados, del inicio del proceso de reforma de la Constituci\u00f3n Provincial. \u201cLos santafesinos merecemos una Constituci\u00f3n moderna, que nos permita construir un Estado eficiente, transparente y conectado con las demandas de la gente&#8221;, agreg\u00f3.<\/strong><\/p>\n<p><img loading=\"lazy\" class=\"aligncenter size-large wp-image-23159\" src=\"http:\/\/www.revistarescatados.com.ar\/web\/wp-content\/uploads\/2024\/12\/DIPUTADO-DIONISIO-SCARPIN-1024x768.jpg\" alt=\"\" width=\"1024\" height=\"768\" srcset=\"https:\/\/www.revistarescatados.com.ar\/web\/wp-content\/uploads\/2024\/12\/DIPUTADO-DIONISIO-SCARPIN-1024x768.jpg 1024w, https:\/\/www.revistarescatados.com.ar\/web\/wp-content\/uploads\/2024\/12\/DIPUTADO-DIONISIO-SCARPIN-300x225.jpg 300w, https:\/\/www.revistarescatados.com.ar\/web\/wp-content\/uploads\/2024\/12\/DIPUTADO-DIONISIO-SCARPIN-768x576.jpg 768w, https:\/\/www.revistarescatados.com.ar\/web\/wp-content\/uploads\/2024\/12\/DIPUTADO-DIONISIO-SCARPIN.jpg 1280w\" sizes=\"(max-width: 1024px) 100vw, 1024px\" \/><\/p>\n<p>La C\u00e1mara de Diputados de la provincia de Santa Fe aprob\u00f3 el inicio del proceso para llevar adelante la reforma de la Constituci\u00f3n Provincial, un paso clave que habilita las instancias necesarias para actualizar la Carta Magna santafesina. El diputado Dionisio Scarpin destac\u00f3 la importancia de este momento: \u201cLos santafesinos nos merecemos una Constituci\u00f3n moderna, que responda a las demandas actuales y permita construir un Estado eficiente, transparente y alineado con los desaf\u00edos del futuro\u201d.<\/p>\n<p>Esta etapa inicial marca el comienzo de un camino que permitir\u00e1 analizar y debatir modificaciones sustanciales.Entre los puntos centrales que se pretenden incorporar en la nueva Constituci\u00f3n, se destacan:<\/p>\n<p>1. El establecimiento del principio de \u201cficha limpia\u201d para cargos electivos y funcionarios.<\/p>\n<p>2. Modificaci\u00f3n de privilegios en el sistema de fueros<\/p>\n<p>3. Obligaci\u00f3n de presentar declaraciones juradas por parte de los funcionarios y candidatos electos al momento de asumir.<\/p>\n<p>4. Ampliaci\u00f3n del per\u00edodo de sesiones ordinarias en la Legislatura.<\/p>\n<p>5. Autonom\u00eda municipal, clave para la descentralizaci\u00f3n y fortalecimiento de los gobiernos locales.<\/p>\n<p>6. Que todas las localidades de la provincia se llamen Municipio<\/p>\n<p>7. Unificaci\u00f3n de la duraci\u00f3n de los Mandatos de las autoridades locales<\/p>\n<p>8. Que las localidades que hoy se denominan comunas puedan elegir sus autoridades cada 4 a\u00f1os.<\/p>\n<p>9. Criterio de responsabilidad fiscal, con \u00e9nfasis en la sustentabilidad y la transparencia.<\/p>\n<p>10. Vinculaci\u00f3n de la educaci\u00f3n con los avances tecnol\u00f3gicos y laborales.<\/p>\n<p>11. Mecanismos de participaci\u00f3n semidirecta: Iniciativa Popular, Consulta Popular y Refer\u00e9ndum<\/p>\n<p>12. Reconocer dentro de la Constituci\u00f3n los derechos de los consumidores y usuarios<\/p>\n<p>13. Incorporar todos los derechos que est\u00e1n garantizados en la Constituci\u00f3n Nacional y Tratados Internacionales<\/p>\n<p>14. Modificaci\u00f3n de la Corte Suprema de Justicia (7 miembros \u2013 75 a\u00f1os &#8211; paridad de G\u00e9nero \u2013 Representaci\u00f3n Regional)<\/p>\n<p>15. Principio de eficiencia en la prestaci\u00f3n de los servicios p\u00fablicos<\/p>\n<p>16. Establecer los alcances de la reelecci\u00f3n para los cargos de Gobernador y Vicegobernador<\/p>\n<p>\u201cLa aprobaci\u00f3n de este proceso nos da la oportunidad de construir una provincia con instituciones m\u00e1s s\u00f3lidas, que garanticen derechos y generen confianza en la ciudadan\u00eda. Este es el comienzo de un debate necesario, amplio y participativo\u201d, afirm\u00f3 Dionisio Scarpin. Con la mirada puesta en el futuro, el legislador provincial subray\u00f3: \u201cEs nuestra responsabilidad dejar a las pr\u00f3ximas generaciones una Constituci\u00f3n que est\u00e9 a la altura de las exigencias del siglo XXI. Este es el primer paso de muchos, pero estamos convencidos de que es el camino correcto\u201d.<\/p>\n<p>&nbsp;<\/p>\n","protected":false},"excerpt":{"rendered":"<p>&nbsp; As\u00ed se expres\u00f3 el diputado provincial tras la aprobaci\u00f3n, en la C\u00e1mara de Diputados, del inicio del proceso de reforma de la Constituci\u00f3n Provincial. \u201cLos santafesinos merecemos una Constituci\u00f3n moderna, que&#46;&#46;&#46;<\/p>\n","protected":false},"author":1,"featured_media":23159,"comment_status":"closed","ping_status":"closed","sticky":false,"template":"","format":"standard","meta":[],"categories":[16,10,13,12],"tags":[],"_links":{"self":[{"href":"https:\/\/www.revistarescatados.com.ar\/web\/wp-json\/wp\/v2\/posts\/23158"}],"collection":[{"href":"https:\/\/www.revistarescatados.com.ar\/web\/wp-json\/wp\/v2\/posts"}],"about":[{"href":"https:\/\/www.revistarescatados.com.ar\/web\/wp-json\/wp\/v2\/types\/post"}],"author":[{"embeddable":true,"href":"https:\/\/www.revistarescatados.com.ar\/web\/wp-json\/wp\/v2\/users\/1"}],"replies":[{"embeddable":true,"href":"https:\/\/www.revistarescatados.com.ar\/web\/wp-json\/wp\/v2\/comments?post=23158"}],"version-history":[{"count":1,"href":"https:\/\/www.revistarescatados.com.ar\/web\/wp-json\/wp\/v2\/posts\/23158\/revisions"}],"predecessor-version":[{"id":23160,"href":"https:\/\/www.revistarescatados.com.ar\/web\/wp-json\/wp\/v2\/posts\/23158\/revisions\/23160"}],"wp:featuredmedia":[{"embeddable":true,"href":"https:\/\/www.revistarescatados.com.ar\/web\/wp-json\/wp\/v2\/media\/23159"}],"wp:attachment":[{"href":"https:\/\/www.revistarescatados.com.ar\/web\/wp-json\/wp\/v2\/media?parent=23158"}],"wp:term":[{"taxonomy":"category","embeddable":true,"href":"https:\/\/www.revistarescatados.com.ar\/web\/wp-json\/wp\/v2\/categories?post=23158"},{"taxonomy":"post_tag","embeddable":true,"href":"https:\/\/www.revistarescatados.com.ar\/web\/wp-json\/wp\/v2\/tags?post=23158"}],"curies":[{"name":"wp","href":"https:\/\/api.w.org\/{rel}","templated":true}]}}