{"id":23215,"date":"2024-12-21T12:43:39","date_gmt":"2024-12-21T15:43:39","guid":{"rendered":"https:\/\/www.revistarescatados.com.ar\/web\/?p=23215"},"modified":"2024-12-21T12:43:39","modified_gmt":"2024-12-21T15:43:39","slug":"condenaron-al-abogado-ricardo-degoumois-por-el-abuso-sexual-de-una-adolescente-en-su-estudio-juridico-de-reconquista","status":"publish","type":"post","link":"https:\/\/www.revistarescatados.com.ar\/web\/2024\/12\/21\/condenaron-al-abogado-ricardo-degoumois-por-el-abuso-sexual-de-una-adolescente-en-su-estudio-juridico-de-reconquista\/","title":{"rendered":"Condenaron al abogado Ricardo Degoumois por el abuso sexual de una adolescente  en su estudio jur\u00eddico de Reconquista"},"content":{"rendered":"<p>&nbsp;<\/p>\n<p>&nbsp;<\/p>\n<p><strong>As\u00ed fue resuelto por el juez Mart\u00edn Gauna Chapero en el marco de un juicio oral que finaliz\u00f3\u00a0 en los tribunales de esa ciudad del norte provincial. Se le impusieron tres a\u00f1os de prisi\u00f3n de cumplimiento condicional y tambi\u00e9n fue inhabilitado de forma perpetua para ejercer la profesi\u00f3n.\u00a0<\/strong><\/p>\n<p><img loading=\"lazy\" class=\"aligncenter size-full wp-image-23168\" src=\"http:\/\/www.revistarescatados.com.ar\/web\/wp-content\/uploads\/2024\/12\/abogados.png\" alt=\"\" width=\"720\" height=\"325\" srcset=\"https:\/\/www.revistarescatados.com.ar\/web\/wp-content\/uploads\/2024\/12\/abogados.png 720w, https:\/\/www.revistarescatados.com.ar\/web\/wp-content\/uploads\/2024\/12\/abogados-300x135.png 300w\" sizes=\"(max-width: 720px) 100vw, 720px\" \/><\/p>\n<p>El abogado Ricardo Ceferino Degoumois fue condenado como autor de dos hechos de abuso sexual en perjuicio de una adolescente cometidos en su estudio jur\u00eddico en la ciudad de Reconquista. As\u00ed fue resuelto por el juez Mart\u00edn Gauna Chapero en el marco de un juicio oral que finaliz\u00f3 este mediod\u00eda en los tribunales de la ciudad del norte provincial.<\/p>\n<p>El magistrado dispuso imponer a Degoumois una pena de tres a\u00f1os de prisi\u00f3n de cumplimiento condicional y una inhabilitaci\u00f3n perpetua para el ejercicio de la profesi\u00f3n de abogado.<\/p>\n<p>El MPA estuvo representado en el debate por el fiscal Valent\u00edn Here\u00f1\u00fa y por las fiscales Georgina D\u00edaz y Alejandra Del R\u00edo Ayala, esta \u00faltima asignada desde la Fiscal\u00eda General.<\/p>\n<p>\u201cEmpezamos este juicio anunciando que est\u00e1bamos ante un caso sobre abuso sexual, abuso de poder y miedo. Tambi\u00e9n, que era un caso sobre valent\u00eda y verdad\u201d, record\u00f3 Heren\u00fa en el debate.<\/p>\n<p>El fiscal a\u00f1adi\u00f3 que &#8220;dijimos que probar\u00edamos los hechos aberrantes que sufri\u00f3 una adolescente, quien logr\u00f3 convertir el miedo en valor para frenar los abusos con la verdad, y concluy\u00f3 que \u201cefectivamente, as\u00ed fue\u201d.<\/p>\n<p>&nbsp;<\/p>\n<p><strong>Abusos<\/strong><\/p>\n<p>Los dos hechos il\u00edcitos por los que fue condenado Degoumois fueron cometidos entre el 13 de octubre y el 16 de noviembre de 2022 en el inmueble en el que funcionaba el estudio jur\u00eddico del condenado.<\/p>\n<p>La investigaci\u00f3n se inici\u00f3 a ra\u00edz de una denuncia formulada por escrito a trav\u00e9s del sistema de denuncias online del MPA (mpa.santafe.gov.ar\/denuncias) por quien en ese momento era la Directora Provincial de Equidad y Derechos del Ministerio de Educaci\u00f3n de la Provincia, Vanina Flesia.<\/p>\n<p>\u201cLa v\u00edctima, que en esa \u00e9poca transitaba la primera parte de su escolaridad secundaria, fue al estudio convocada por el condenado quien le dijo que la ten\u00eda que preparar para una entrevista en C\u00e1mara Gesell\u201d, relat\u00f3 el fiscal y explic\u00f3 que \u201cesa entrevista se la iban a hacer a la adolescente en el marco de una investigaci\u00f3n penal iniciada contra un primo de ella que era defendido por Degoumois\u201d.<\/p>\n<p>Heren\u00fa puntualiz\u00f3 que \u201cla v\u00edctima fue en reiteradas oportunidades al estudio jur\u00eddico junto con su madre, y en algunos de los encuentros, Degoumois le pidi\u00f3 quedarse a solas con la adolescente\u201d. En tal sentido, se\u00f1al\u00f3 que \u201cen dos de esas oportunidades, el condenado abus\u00f3 de la v\u00edctima\u201d y agreg\u00f3 que \u201cle dec\u00eda que si ella acced\u00eda a tener relaciones sexuales, \u00e9l solucionar\u00eda todos los problemas legales que ten\u00eda su primo\u201d.<\/p>\n<p>El fiscal del MPA tambi\u00e9n refiri\u00f3 a \u201cla falta de \u00e9tica del accionar del condenado de hacer concurrir a la adolescente a su estudio para prepararla para una entrevista en C\u00e1mara Gesell\u201d. Plante\u00f3 que \u201cen realidad, no era una preparaci\u00f3n en t\u00e9rminos de litigaci\u00f3n, sino m\u00e1s bien un entrenamiento para que diga y haga lo que \u00e9l quer\u00eda. Es decir, no fue una pr\u00e1ctica permitida en el marco de su profesi\u00f3n; no la hizo ir para que conozca sus derechos, ni para explorar la informaci\u00f3n con la que contaba la adolescente. Fue un intento de producir prueba falsa y, en ese marco, la abus\u00f3 dos veces\u201d.<\/p>\n<p>&nbsp;<\/p>\n<p><strong>Calificaci\u00f3n penal<\/strong><\/p>\n<p>Degoumois fue condenado como autor del delito de abuso sexual reiterado (dos hechos). Adem\u00e1s se le impuso una inhabilitaci\u00f3n perpetua para el ejercicio de la abogac\u00eda, en virtud de la vinculaci\u00f3n entre la comisi\u00f3n del delito espec\u00edfico al que alude la ley \u2013objeto de este proceso penal\u2013 y el ejercicio de la actividad profesional.<\/p>\n<p>&nbsp;<\/p>\n<p><strong>Normas de conducta<\/strong><\/p>\n<p>El juez dispuso una serie de reglas de conductas que el condenado deber\u00e1 cumplir: prohibici\u00f3n de acercamiento a la v\u00edctima y a su entorno, y tambi\u00e9n una prohibici\u00f3n de contacto con personas menores de edad, salvo autorizaci\u00f3n judicial.<\/p>\n<p>Adem\u00e1s, en funci\u00f3n de los hechos por los que fue condenado, el juez le impuso la obligaci\u00f3n de participar en un programa de tratamiento psicol\u00f3gico y\/o psiqui\u00e1trico especializado en agresores sexuales (el cual deber\u00e1 ser aprobado por el Tribunal), como as\u00ed tambi\u00e9n, la obligaci\u00f3n de participar en un programa de educaci\u00f3n y sensibilizaci\u00f3n sobre violencia de g\u00e9nero y abuso sexual infantil.<\/p>\n<p>Por otra parte, el condenado deber\u00e1 residir en su domicilio habitual y notificar si realiza alg\u00fan cambio y tiene prohibido el consumo de sustancias psicoactivas que alteren su juicio y comportamiento.<\/p>\n<p>Finalmente, el magistrado advirti\u00f3 al condenado que \u201cel incumplimiento de las reglas de conducta puede dar lugar a la revocaci\u00f3n de la pena condicional y a la ejecuci\u00f3n efectiva de la pena de prisi\u00f3n\u201d.<\/p>\n<p>&nbsp;<\/p>\n<p><strong>Amenazas<\/strong><\/p>\n<p>En los alegatos de clausura, el fiscal Here\u00f1\u00fa tambi\u00e9n trajo a colaci\u00f3n las amenazas sufridas por la madre de la v\u00edctima. \u201cEste juicio tambi\u00e9n sirvi\u00f3 para dar cuenta de una mam\u00e1 que no cedi\u00f3 ante el poder, que jur\u00f3 decir la verdad y que, a pesar de las intimidaciones, mantuvo su palabra para respaldar a su hija\u201d, plante\u00f3.<\/p>\n<p>\u201cA ra\u00edz del testimonio que brind\u00f3 en el juicio oral la madre de la adolescente, Degoumois y otros tres abogados fueron imputados como coautores de los delitos de amenazas coactivas y falso testimonio (en calidad de autores mediatos)\u201d, record\u00f3 el fiscal. \u201cEn su declaraci\u00f3n, la mujer dio detalles de las amenazas que sufri\u00f3 por parte de los cuatro imputados. Puntualiz\u00f3 que le hicieron decir en el juicio informaci\u00f3n falsa que ya hab\u00edan incluido en una declaraci\u00f3n previa que la obligaron a firmar bajo presi\u00f3n\u201d, se\u00f1al\u00f3.<\/p>\n<p>\u201cA dos de los abogados investigados se les atribuy\u00f3 la autor\u00eda del delito de encubrimiento, y a uno de ellos tambi\u00e9n se le endilg\u00f3 la tenencia de un arma de guerra y de otra de uso civil\u201d, precis\u00f3 Here\u00f1\u00fa.<\/p>\n<p>Estos hechos il\u00edcitos est\u00e1n siendo investigados por el MPA.<\/p>\n","protected":false},"excerpt":{"rendered":"<p>&nbsp; &nbsp; As\u00ed fue resuelto por el juez Mart\u00edn Gauna Chapero en el marco de un juicio oral que finaliz\u00f3\u00a0 en los tribunales de esa ciudad del norte provincial. Se le impusieron&#46;&#46;&#46;<\/p>\n","protected":false},"author":1,"featured_media":23168,"comment_status":"closed","ping_status":"closed","sticky":false,"template":"","format":"standard","meta":[],"categories":[6,16,14,8],"tags":[],"_links":{"self":[{"href":"https:\/\/www.revistarescatados.com.ar\/web\/wp-json\/wp\/v2\/posts\/23215"}],"collection":[{"href":"https:\/\/www.revistarescatados.com.ar\/web\/wp-json\/wp\/v2\/posts"}],"about":[{"href":"https:\/\/www.revistarescatados.com.ar\/web\/wp-json\/wp\/v2\/types\/post"}],"author":[{"embeddable":true,"href":"https:\/\/www.revistarescatados.com.ar\/web\/wp-json\/wp\/v2\/users\/1"}],"replies":[{"embeddable":true,"href":"https:\/\/www.revistarescatados.com.ar\/web\/wp-json\/wp\/v2\/comments?post=23215"}],"version-history":[{"count":1,"href":"https:\/\/www.revistarescatados.com.ar\/web\/wp-json\/wp\/v2\/posts\/23215\/revisions"}],"predecessor-version":[{"id":23216,"href":"https:\/\/www.revistarescatados.com.ar\/web\/wp-json\/wp\/v2\/posts\/23215\/revisions\/23216"}],"wp:featuredmedia":[{"embeddable":true,"href":"https:\/\/www.revistarescatados.com.ar\/web\/wp-json\/wp\/v2\/media\/23168"}],"wp:attachment":[{"href":"https:\/\/www.revistarescatados.com.ar\/web\/wp-json\/wp\/v2\/media?parent=23215"}],"wp:term":[{"taxonomy":"category","embeddable":true,"href":"https:\/\/www.revistarescatados.com.ar\/web\/wp-json\/wp\/v2\/categories?post=23215"},{"taxonomy":"post_tag","embeddable":true,"href":"https:\/\/www.revistarescatados.com.ar\/web\/wp-json\/wp\/v2\/tags?post=23215"}],"curies":[{"name":"wp","href":"https:\/\/api.w.org\/{rel}","templated":true}]}}